{"id":745,"date":"2011-08-29T22:59:06","date_gmt":"2011-08-30T02:59:06","guid":{"rendered":"http:\/\/www.fmeat.org\/blog\/?p=745"},"modified":"2017-08-14T15:23:52","modified_gmt":"2017-08-14T15:23:52","slug":"grenadine-au-fme-premiere-partie","status":"publish","type":"post","link":"https:\/\/www.fmeat.org\/blog\/grenadine-au-fme-premiere-partie\/","title":{"rendered":"Grenadine au FME : premi\u00e8re partie"},"content":{"rendered":"<p>Coucou!<\/p>\n<p>Comme dirait l\u2019autre, nous sommes pr\u00eats \u00e0 participer \u00e0 cette neuvi\u00e8me \u00e9dition du FME. Et on a h\u00e2te. \u00ab On \u00bb \u00e9tant les quatre talentueux et d\u00e9vou\u00e9s musiciens qui m\u2019accompagnent (Marc-\u00c9tienne Mongrain, Marco Gosselin, \u00c9ric Patenaude et Gabriel Lemieux-Maill\u00e9) et moi-m\u00eame, Julie, alias Grenadine, la chanteuse l\u00e0, tu sais&#8230; Les pr\u00e9paratifs vont bon train\u00a0: fourgonnette L\u00e9gar\u00e9 r\u00e9serv\u00e9e, pratiques boucl\u00e9es, manteaux d\u2019automne sortis du placard\u2026Quelle agr\u00e9able fa\u00e7on de terminer l\u2019\u00e9t\u00e9. Remarquez, ranger son <em>set<\/em> de patio, vider sa piscine ou aiguiser ses crayons, c\u2019est tr\u00e8s bien aussi, hein. Quoique\u2026 <!--more--><\/p>\n<p>Ma derni\u00e8re visite au FME remonte \u00e0 2006, alors que j\u2019accompagnais Le husky et Carl-\u00c9ric Hudon la m\u00eame ann\u00e9e. \u00c0 cette \u00e9poque, comme bien des gens, je ne poss\u00e9dais ni t\u00e9l\u00e9phone intelligent, ni compte Facebook, ni m\u00eame un appareil photo (ok, \u00e7a, c\u2019est moi qui \u00e9tait un peu \u00e0 c\u00f4t\u00e9). Mais je garde tout de m\u00eame des souvenirs imp\u00e9rissables (et parfois flous, avouons-le), de cet \u00e9v\u00e8nement m\u00e9morable\u00a0: un concert de Bloodshoot Bill qui s\u2019est termin\u00e9 aux petites heures du matin, une soir\u00e9e hawa\u00efenne avec le Mai Thai Orchestra, un feu de camp qui s\u2019est termin\u00e9\u2026(au fait, s\u2019est-il seulement termin\u00e9?), des rencontres agr\u00e9ables avec Yves Lambert, Sunny Duval, Dany Placard, Damien Robitaille, la poutine de Morasse et j\u2019en passe.<\/p>\n<p>Des rencontres avec des gens que je continue de croiser r\u00e9guli\u00e8rement dans cet univers aussi \u00e9trange que fascinant qu\u2019est la belle sc\u00e8ne musicale montr\u00e9alaise <em>at large<\/em>, dans lequel j\u2019ai choisi d\u2019\u00e9voluer depuis les derni\u00e8res ann\u00e9es. La petite fille qui venait d\u2019avoir 22 ans que j\u2019\u00e9tais a \u00e9t\u00e9 bien impressionn\u00e9e en arrivant au Lac Flavrian. Tous ces musiciens, certains, biens connus, d\u2019autres, des nouveaux visages dont le nom \u00e9tait sur toutes les l\u00e8vres\u2026allaient-ils vraiment tous dormir au m\u00eame camp? Ou plut\u00f4t, allaient-ils vraiment dormir, mais \u00e7a, c\u2019est une autre paire de manches\u2026 C\u2019\u00e9tait comme un r\u00eave\u00a0devenu r\u00e9alit\u00e9 : un camp de vacances de <em>rock stars <\/em>! N\u2019emp\u00eache que s\u00e9rieusement, ce fut la premi\u00e8re fois ou presque que je me suis sentie appartenir \u00e0 ce milieu, vraiment (le milieu de la musique, pas des <em>rock stars<\/em>, on s\u2019entend). Premi\u00e8re exp\u00e9rience sur la route, aussi. Bref, on n\u2019oublie pas sa premi\u00e8re fois.<br \/>\n<!--more--><\/p>\n<p>\u00c0 mon agenda cette ann\u00e9e\u00a0(en bonne chanteuse, j\u2019imposerai mes choix au reste du band)\u00a0: Salom\u00e9 Leclerc, Canailles, Socalled, Panache, Malajube et (ici il y a d\u00e9doublement de Julie) Dany Placard, Katie Moore et Akron \/ Family. Si je pouvais engager une imitatrice pour chanter \u00e0 ma place (ben quoi) j\u2019irais voir Caracol, Betalovers, Philippe B\u2026En fait, \u00e7a ne r\u00e8gle pas le probl\u00e8me de d\u00e9doublement. Vous ne connaissez pas une famille de quintupl\u00e9s qui me ressemblerait, par hasard?<\/p>\n<p>Une petite d\u00e9ception aussi en ce qui concerne J\u00e9r\u00f4me Mini\u00e8re\u00a0: nous sommes toujours programm\u00e9s simultan\u00e9ment dans les festivals! Le verrai-je un jour, son spectacle? Il m\u2019a lanc\u00e9 \u00e0 la blague qu\u2019on devrait faire un duo, question de ne pas avoir le choix. Tiens donc.<\/p>\n<p>J\u2019esp\u00e8re vous voir lors du <a title=\"Grenadine\" href=\"http:\/\/www.fmeat.org\/artistes\/grenadine\/\" target=\"_blank\"><span style=\"text-decoration: underline;\"><strong>5 \u00e0 7 qui se tiendra vendredi le 2 septembre Chez Bob<\/strong><\/span><\/a>. Et j\u2019esp\u00e8re vous croiser dans les rues de Rouyn-Noranda, lors des concerts ou au bord d\u2019un feu de camp, qui sait. D\u2019ici l\u00e0, suivez mon itin\u00e9raire sur <a title=\"Twitter\" href=\"http:\/\/twitter.com\/#!\/grenadine_jb\" target=\"_blank\"><strong>Twitter<\/strong><\/a>, <a title=\"Facebook\" href=\"https:\/\/www.facebook.com\/grenadineFB\" target=\"_blank\"><strong>Facebook<\/strong><\/a> ou sur ce blog. Vive les internets. Et bon FME!<\/p>\n<p>Julie \u00a0xx<\/p>\n","protected":false},"excerpt":{"rendered":"<p>Coucou! Comme dirait l\u2019autre, nous sommes pr\u00eats \u00e0 participer \u00e0 cette neuvi\u00e8me \u00e9dition du FME. Et on a h\u00e2te. \u00ab On \u00bb \u00e9tant les quatre talentueux et d\u00e9vou\u00e9s musiciens qui m\u2019accompagnent (Marc-\u00c9tienne Mongrain, Marco Gosselin, \u00c9ric Patenaude et Gabriel Lemieux-Maill\u00e9) et moi-m\u00eame, Julie, alias Grenadine, la chanteuse l\u00e0, tu sais&#8230; Les pr\u00e9paratifs vont bon train\u00a0: &hellip; <a href=\"https:\/\/www.fmeat.org\/blog\/grenadine-au-fme-premiere-partie\/\" class=\"more-link\">Continuer la lecture de <span class=\"screen-reader-text\">Grenadine au FME : premi\u00e8re partie<\/span> <span class=\"meta-nav\">&rarr;<\/span><\/a><\/p>\n","protected":false},"author":1,"featured_media":0,"comment_status":"open","ping_status":"open","sticky":false,"template":"","format":"standard","meta":{"footnotes":""},"categories":[623,280],"tags":[281,520,45],"class_list":["post-745","post","type-post","status-publish","format-standard","hentry","category-fme11","category-grenadine","tag-chez-bob","tag-grenadine","tag-jerome-miniere"],"_links":{"self":[{"href":"https:\/\/www.fmeat.org\/blog\/wp-json\/wp\/v2\/posts\/745","targetHints":{"allow":["GET"]}}],"collection":[{"href":"https:\/\/www.fmeat.org\/blog\/wp-json\/wp\/v2\/posts"}],"about":[{"href":"https:\/\/www.fmeat.org\/blog\/wp-json\/wp\/v2\/types\/post"}],"author":[{"embeddable":true,"href":"https:\/\/www.fmeat.org\/blog\/wp-json\/wp\/v2\/users\/1"}],"replies":[{"embeddable":true,"href":"https:\/\/www.fmeat.org\/blog\/wp-json\/wp\/v2\/comments?post=745"}],"version-history":[{"count":12,"href":"https:\/\/www.fmeat.org\/blog\/wp-json\/wp\/v2\/posts\/745\/revisions"}],"predecessor-version":[{"id":3658,"href":"https:\/\/www.fmeat.org\/blog\/wp-json\/wp\/v2\/posts\/745\/revisions\/3658"}],"wp:attachment":[{"href":"https:\/\/www.fmeat.org\/blog\/wp-json\/wp\/v2\/media?parent=745"}],"wp:term":[{"taxonomy":"category","embeddable":true,"href":"https:\/\/www.fmeat.org\/blog\/wp-json\/wp\/v2\/categories?post=745"},{"taxonomy":"post_tag","embeddable":true,"href":"https:\/\/www.fmeat.org\/blog\/wp-json\/wp\/v2\/tags?post=745"}],"curies":[{"name":"wp","href":"https:\/\/api.w.org\/{rel}","templated":true}]}}