{"id":722,"date":"2011-08-28T11:26:00","date_gmt":"2011-08-28T15:26:00","guid":{"rendered":"http:\/\/www.fmeat.org\/blog\/?p=722"},"modified":"2017-08-14T15:23:52","modified_gmt":"2017-08-14T15:23:52","slug":"tu-ne-pourras-pas-ten-passer","status":"publish","type":"post","link":"https:\/\/www.fmeat.org\/blog\/tu-ne-pourras-pas-ten-passer\/","title":{"rendered":"Tu ne pourras pas t&rsquo;en passer"},"content":{"rendered":"<p>Ils viennent de Rouyn-Noranda, Val d&rsquo;Or ou les environs&#8230; parfois de Montr\u00e9al<br \/>\nIls travaillent tr\u00e8s fort pour que le s\u00e9jour des festivaliers s&rsquo;anime aux couleurs du FME, et ce m\u00eame en voiture ou \u00e0 la maison.<\/p>\n<p>Voici la programmation du <a title=\"CFME\" href=\"http:\/\/www.fmeat.org\/radio-cfme\/\" target=\"_blank\">91,9 CFME<\/a> du 1<sup>er<\/sup> au 4 septembre. <!--more--><\/p>\n<p><strong><br \/>\n12h \u00e0 13h \/ Le Lendemain de Veille<\/strong><br \/>\n\u00c9ric Villeneuve et Benoit Lavergne<\/p>\n<p><strong>13h \u00e0 14h \/ Mel et Ma\u00eetre<\/strong><br \/>\nMelyssa Elmer et Ma\u00eetre J (J\u00e9r\u00e9mie McEwen)<\/p>\n<p><strong>14h \u00e0 15h \/ Dans ton salon<\/strong><br \/>\nS\u00e9bastien Tessier et Richard Leblanc<\/p>\n<p><strong>15h \u00e0 16h \/ Ondes boh\u00e8mes<\/strong><br \/>\nPaul-Antoine Martel, Val\u00e9rie Lemay et Win\u00e4 Jacob<\/p>\n<p><strong>16h \u00e0 17h \/ Les Gazz\u00e9s<\/strong><br \/>\nMicha\u00ebl Chartier \u00ab Mick \u00bb et Gabriel Tessier \u00ab Gab \u00bb<\/p>\n<p><strong>17h \u00e0 18h \/ Les Boomers<\/strong><br \/>\nPierre Lapointe, Benoit Gourd et Mario Melan\u00e7on<\/p>\n<p><strong>18h \u00e0 19h \/ Bande \u00e0 part<\/strong><br \/>\nMa\u00eetre J<br \/>\n<strong><br \/>\n19h \u00e0 20h \/ Sessions CFME<\/strong><br \/>\nJessica Gagnon, Jean-Fran\u00e7ois Gibson, F\u00e9lix B. Desfoss\u00e9s, Josiane Cyr et S\u00e9bastien Tessier<\/p>\n<p><strong>20h \u00e0 21h \/ Ghetto \u00c9rudit<\/strong><br \/>\nLouis-David Anzueto, Marc-Andr\u00e9 Anzueto, Benoit Beaudry, Noella Eugene et Jaime Emilio<\/p>\n<p><strong>21h \u00e0 22h \/ Carnaval \u00c9lectronique<\/strong><br \/>\nBoris Lortie et\u00a0Pat Baulne<\/p>\n<p><strong>22h \u00e0 23h \/70%<br \/>\n<\/strong> Tommy Gaudet, Bruno Corbin, et tellement d\u2019autres.<\/p>\n<p><strong>23h \u00e0 24h \/ La Fonderie<\/strong><br \/>\nMicha\u00ebl Chartier et Ian Campbell.<\/p>\n<p><strong>24h \u00e0 11h59 AM \/ Programmation musicale en continu<\/strong><\/p>\n","protected":false},"excerpt":{"rendered":"<p>Ils viennent de Rouyn-Noranda, Val d&rsquo;Or ou les environs&#8230; parfois de Montr\u00e9al Ils travaillent tr\u00e8s fort pour que le s\u00e9jour des festivaliers s&rsquo;anime aux couleurs du FME, et ce m\u00eame en voiture ou \u00e0 la maison. Voici la programmation du 91,9 CFME du 1er au 4 septembre.<\/p>\n","protected":false},"author":1,"featured_media":0,"comment_status":"open","ping_status":"open","sticky":false,"template":"","format":"standard","meta":{"footnotes":""},"categories":[623,60],"tags":[278,277,276,65],"class_list":["post-722","post","type-post","status-publish","format-standard","hentry","category-fme11","category-stephanie","tag-9-fm","tag-277","tag-animateurs","tag-cfme"],"_links":{"self":[{"href":"https:\/\/www.fmeat.org\/blog\/wp-json\/wp\/v2\/posts\/722","targetHints":{"allow":["GET"]}}],"collection":[{"href":"https:\/\/www.fmeat.org\/blog\/wp-json\/wp\/v2\/posts"}],"about":[{"href":"https:\/\/www.fmeat.org\/blog\/wp-json\/wp\/v2\/types\/post"}],"author":[{"embeddable":true,"href":"https:\/\/www.fmeat.org\/blog\/wp-json\/wp\/v2\/users\/1"}],"replies":[{"embeddable":true,"href":"https:\/\/www.fmeat.org\/blog\/wp-json\/wp\/v2\/comments?post=722"}],"version-history":[{"count":13,"href":"https:\/\/www.fmeat.org\/blog\/wp-json\/wp\/v2\/posts\/722\/revisions"}],"predecessor-version":[{"id":3660,"href":"https:\/\/www.fmeat.org\/blog\/wp-json\/wp\/v2\/posts\/722\/revisions\/3660"}],"wp:attachment":[{"href":"https:\/\/www.fmeat.org\/blog\/wp-json\/wp\/v2\/media?parent=722"}],"wp:term":[{"taxonomy":"category","embeddable":true,"href":"https:\/\/www.fmeat.org\/blog\/wp-json\/wp\/v2\/categories?post=722"},{"taxonomy":"post_tag","embeddable":true,"href":"https:\/\/www.fmeat.org\/blog\/wp-json\/wp\/v2\/tags?post=722"}],"curies":[{"name":"wp","href":"https:\/\/api.w.org\/{rel}","templated":true}]}}