{"id":559,"date":"2010-09-05T15:44:12","date_gmt":"2010-09-05T19:44:12","guid":{"rendered":"http:\/\/www.fmeat.org\/blog\/?p=559"},"modified":"2017-08-14T15:24:48","modified_gmt":"2017-08-14T15:24:48","slug":"le-trait-dunion","status":"publish","type":"post","link":"https:\/\/www.fmeat.org\/blog\/le-trait-dunion\/","title":{"rendered":"Le trait d&rsquo;union"},"content":{"rendered":"<div id='gallery-1' class='gallery galleryid-559 gallery-columns-2 gallery-size-thumbnail'><figure class='gallery-item'>\n\t\t\t<div class='gallery-icon landscape'>\n\t\t\t\t<a href='https:\/\/www.fmeat.org\/blog\/le-trait-dunion\/adamus\/'><img loading=\"lazy\" decoding=\"async\" width=\"150\" height=\"150\" src=\"https:\/\/www.fmeat.org\/blog\/wp-content\/uploads\/2010\/09\/Adamus-150x150.jpg\" class=\"attachment-thumbnail size-thumbnail\" alt=\"\" \/><\/a>\n\t\t\t<\/div><\/figure><figure class='gallery-item'>\n\t\t\t<div class='gallery-icon landscape'>\n\t\t\t\t<a href='https:\/\/www.fmeat.org\/blog\/le-trait-dunion\/besnard-lakes\/'><img loading=\"lazy\" decoding=\"async\" width=\"150\" height=\"150\" src=\"https:\/\/www.fmeat.org\/blog\/wp-content\/uploads\/2010\/09\/besnard-lakes-150x150.jpg\" class=\"attachment-thumbnail size-thumbnail\" alt=\"\" \/><\/a>\n\t\t\t<\/div><\/figure>\n\t\t<\/div>\n\n<p>C&rsquo;est ma 4<sup>e<\/sup> fois au FME. Je crois. Effectivement, pour une raison qui m&rsquo;\u00e9chappe, je ne me rappelle pas exactement de tout de mes passages \u00e0 Rouyn. S\u00e9rieux, je suis s\u00fbr que c&rsquo;est ma 4<sup>e<\/sup> visite au FME, mais j&rsquo;ai un l\u00e9ger doute quand m\u00eame. Il faut dire que je suis aussi venu souvent dans mon enfance dans la grande ville de Rouyn (j&rsquo;habitais \u00e0 la Baie James, alors hein, les adjectifs n&rsquo;ont pas la m\u00eame port\u00e9e). Donc j&rsquo;ai un petit flou concernant mes visites dans la capitale internationale du cuivre.<\/p>\n<p>Peu importe au fond si \u00e7a fait 3 ou 4 FME que je vis, je sens un changement dans l&rsquo;\u00e9volution de la b\u00eate. Ce qui est bon signe en g\u00e9n\u00e9ral. Je crois qu&rsquo;une partie de ce changement r\u00e9side dans la nouvelle scission entre Rouyn et Noranda que le festival a r\u00e9anim\u00e9&#8230; mais pour le mieux!<\/p>\n<p>Comment un festival divise une ville en 2? C&rsquo;est simple: les 5 \u00e0 7 \u00e0 Rouyn, et le gros des spectacles de soir\u00e9e \u00e0 Noranda. Ce qui \u00e9vite les va-et-vients d&rsquo;un bord \u00e0 l&rsquo;autre de la ville \u00e0 chaque demie heure (on ne maque plus de gros segemnts de spectacles d\u00fb \u00e0 des d\u00e9placement). Mettons que je voudrais \u00eatre po\u00e9tique, mettons, je pourrais dire que le FME, c&rsquo;est en fait le trait d&rsquo;union de Rouyn-Noranda. Mais ts\u00e9, j&rsquo;irais pas jusqu&rsquo;\u00e0 faire de la po\u00e9sie, et surtout pas en faire le titre d&rsquo;une chronique.<\/p>\n<p><strong>Un peu d&rsquo;histoire (mais \u00e0 peine)<\/strong><\/p>\n<p>Commen\u00e7ons par le commencement. Le nom de la ville.<\/p>\n<p><!--more--><\/p>\n<p>Si vous ne le saviez pas, Rouyn-Noranda a longtemps \u00e9t\u00e9 divis\u00e9e psychologiquement plus que physiquement entre Rouyn et Noranda, les 2 secteurs de cette ville fusionn\u00e9e (\u00e7a date d&rsquo;avant la vague de fusion des ann\u00e9es 2000).<\/p>\n<p>J&rsquo;ai fait comme un vrai grand recherchiste,\u00a0 j&rsquo;ai tap\u00e9 Rouyn-Noranda dans google, et puis, Oh! miracle!, j&rsquo;ai trouv\u00e9 une d\u00e9finition toponimique de la ville dans Wikip\u00e9dia:<\/p>\n<p>Le nom de Rouyn se veut un hommage au capitaine de Rouyn, membre du r\u00e9giment Royal-Roussillon en 1759, qui s&rsquo;illustra lors de la bataille de Sainte-Foy en 1760 et re\u00e7oit la croix de Saint-Louis. Il retournera par la suite mourir en France.<\/p>\n<p>(personnellement, je trouve ce choix douteux, faudra qu&rsquo;on me le justifie plus en d\u00e9tail, le gars ne semble m\u00eame pas \u00eatre venu dans la r\u00e9gion&#8230; en fait, il semblerait que plusieurs cantons de la r\u00e9gion portent des noms de g\u00e9n\u00e9raux de Montcalm, comme Lasarre&#8230;)<\/p>\n<p>Bon poursuivons notre palpitante le\u00e7on wikip\u00e9dia:<\/p>\n<p>L&rsquo;appellation Noranda r\u00e9sulte de la contraction de Nord et Canada qui, \u00e0 l&rsquo;origine, devait prendre la forme de Norcanda, mais se mua en sa forme actuelle par suite de la n\u00e9gligence d&rsquo;un imprimeur distrait.<\/p>\n<p>Le toponyme algonquin de la ville est Conia Asini.<\/p>\n<p>He ben w\u00e8la. C&rsquo;est pas mal \u00e7a qui est \u00e7a. Car un bon trait d&rsquo;union est suivi d&rsquo;un point.<a href=\"http:\/\/www.fmeat.org\/blog\/wp-content\/uploads\/2010\/09\/Adamus.jpg\"><\/a><\/p>\n","protected":false},"excerpt":{"rendered":"<p>C&rsquo;est ma 4e fois au FME. Je crois. Effectivement, pour une raison qui m&rsquo;\u00e9chappe, je ne me rappelle pas exactement de tout de mes passages \u00e0 Rouyn. S\u00e9rieux, je suis s\u00fbr que c&rsquo;est ma 4e visite au FME, mais j&rsquo;ai un l\u00e9ger doute quand m\u00eame. Il faut dire que je suis aussi venu souvent dans &hellip; <a href=\"https:\/\/www.fmeat.org\/blog\/le-trait-dunion\/\" class=\"more-link\">Continuer la lecture de <span class=\"screen-reader-text\">Le trait d&rsquo;union<\/span> <span class=\"meta-nav\">&rarr;<\/span><\/a><\/p>\n","protected":false},"author":1,"featured_media":0,"comment_status":"open","ping_status":"open","sticky":false,"template":"","format":"standard","meta":{"footnotes":""},"categories":[250,624],"tags":[41,259,222],"class_list":["post-559","post","type-post","status-publish","format-standard","hentry","category-bastien","category-fme10","tag-5-a-7","tag-histoire","tag-rouyn-noranda"],"_links":{"self":[{"href":"https:\/\/www.fmeat.org\/blog\/wp-json\/wp\/v2\/posts\/559","targetHints":{"allow":["GET"]}}],"collection":[{"href":"https:\/\/www.fmeat.org\/blog\/wp-json\/wp\/v2\/posts"}],"about":[{"href":"https:\/\/www.fmeat.org\/blog\/wp-json\/wp\/v2\/types\/post"}],"author":[{"embeddable":true,"href":"https:\/\/www.fmeat.org\/blog\/wp-json\/wp\/v2\/users\/1"}],"replies":[{"embeddable":true,"href":"https:\/\/www.fmeat.org\/blog\/wp-json\/wp\/v2\/comments?post=559"}],"version-history":[{"count":14,"href":"https:\/\/www.fmeat.org\/blog\/wp-json\/wp\/v2\/posts\/559\/revisions"}],"predecessor-version":[{"id":3669,"href":"https:\/\/www.fmeat.org\/blog\/wp-json\/wp\/v2\/posts\/559\/revisions\/3669"}],"wp:attachment":[{"href":"https:\/\/www.fmeat.org\/blog\/wp-json\/wp\/v2\/media?parent=559"}],"wp:term":[{"taxonomy":"category","embeddable":true,"href":"https:\/\/www.fmeat.org\/blog\/wp-json\/wp\/v2\/categories?post=559"},{"taxonomy":"post_tag","embeddable":true,"href":"https:\/\/www.fmeat.org\/blog\/wp-json\/wp\/v2\/tags?post=559"}],"curies":[{"name":"wp","href":"https:\/\/api.w.org\/{rel}","templated":true}]}}