{"id":4086,"date":"2018-08-28T19:42:38","date_gmt":"2018-08-28T23:42:38","guid":{"rendered":"http:\/\/www.fmeat.org\/blog\/?p=4086"},"modified":"2018-09-17T10:44:35","modified_gmt":"2018-09-17T14:44:35","slug":"la-boutique-fmer-le-festival-dans-le-festival","status":"publish","type":"post","link":"https:\/\/www.fmeat.org\/blog\/la-boutique-fmer-le-festival-dans-le-festival\/","title":{"rendered":"La Boutique FMER : le festival dans le festival"},"content":{"rendered":"<h3 style=\"color: #000; line-height: 1.4em; font-size: 1.2em;\">D\u2019aussi loin qu\u2019on se rappelle, le FME a d\u00e9but\u00e9 avec l\u2019envie de Sandy Boutin de faire venir des bands dans sa localit\u00e9 plut\u00f4t que de traverser le parc La V\u00e9rendrye pour acc\u00e9der \u00e0 une offre musicale plus fr\u00e9quente et vari\u00e9e. 15 ans plus tard, le FME a pris beaucoup d\u2019ampleur, il est devenu un adolescent qui s\u2019inscrit \u00e0 chaque ann\u00e9e sur une courte liste de festivals jug\u00e9s in\u00e9vitables au Qu\u00e9bec en plus de rayonner partout \u00e0 l&rsquo;internationale. Plus de stabilit\u00e9, plus de renomm\u00e9e, moins d\u2019impr\u00e9vus, moins de spontan\u00e9it\u00e9.<\/h3>\n<p><strong>La Boutique FMER<\/strong>\u00a0situ\u00e9e en plein coeur du festival pr\u00e9sente \u00e0 chaque ann\u00e9e des prestations musicales en parall\u00e8le \u00e0 la programmation officielle du FME en plus d\u2019offrir un lieu de ralliement ouvert jour et nuit pour les m\u00e9lomanes, les artistes, les techniciens et les \u00e9gar\u00e9s. Avec la pr\u00e9sence de plus de 15 bands cette ann\u00e9e, la Boutique commence \u00e0 prendre des allures de festival \u00e0 l\u2019int\u00e9rieur m\u00eame du festival.<\/p>\n<p>Rencontre avec <strong>\u00c9ric Raymond<\/strong> et <strong>Franz Jacob<\/strong>, les 2 instigateurs du projet.<\/p>\n<p><span style=\"color: #3366ff;\"><strong>Comment la Boutique FMER a-t-elle d\u00e9but\u00e9e?<\/strong><\/span><\/p>\n<p><strong>\u00c9ric<\/strong><br \/>\nLa boutique \u00e9tait une id\u00e9e de Mathieu Joanisse, le directeur g\u00e9n\u00e9ral du FME \u00e0 l\u2019\u00e9poque. D\u00e8s la 2e ann\u00e9e, il y avait 6 bands dont Dany Placard, le premier artiste qui a demand\u00e9 \u00e0 jouer dans la Boutique. On a fait des <em>updates<\/em>\u00a0au fil du temps et maintenant il y a des <em>shows<\/em>, la vente de vinyles neufs et usag\u00e9s, un <em>barber shop<\/em>, des DJs, des tatoueurs et un paquet d\u2019autres surprises.<\/p>\n<p><strong>Franz<\/strong><br \/>\nMoi je coupe les cheveux de midi \u00e0 minuit \u00e0 tous les jours en plus de boire avec chaque personne qui s&rsquo;assoit sur ma chaise pis c\u2019est \u00e7a le <em>running gag<\/em>. Il y a maintenant du monde qui cours apr\u00e8s \u00e7a pendant le FME. L\u2019ann\u00e9e pass\u00e9e on \u00e9tait 2 barbiers, cette ann\u00e9e on est 3. On a un barbier invit\u00e9 de Qu\u00e9bec qui voulait absolument venir \u00e0 Rouyn juste pour vivre l&rsquo;exp\u00e9rience.<\/p>\n<p><strong><span style=\"color: #3366ff;\">Quel genre de show on peut voir \u00e0 la Boutique?<\/span><\/strong><\/p>\n<p><strong>Franz<\/strong><br \/>\nOn offre des show qui sont un compl\u00e9ment \u00e0 la programmation du FME. Nous on fait la promotion de tout ce qui est <em>local &amp; loud<\/em>! On a 15 bands cette ann\u00e9e<em> man<\/em>! 15 fucking bands! On a un band hardcore autochtone qui joue du Mot\u00f6rhead! Tu veux voir \u00e7a sur sc\u00e8ne, tu comprends?<\/p>\n<p>Je pense que le FME a une programmation qui est formidable, mais qui vient pas vraiment me rejoindre. \u00c9ric et moi, on trouve qui se passe quelque chose de cool au niveau de la sc\u00e8ne locale faque on le prend pis on le met sur un stage. C\u2019est punk, c\u2019est <em>hardcore<\/em>, c\u2019est Rouyn! Je veux montrer des bands pour lesquels j\u2019ai de l&rsquo;appr\u00e9ciation ou simplement qui m\u00e9ritent d\u2019\u00eatre connus. Il y a ben des journalistes et des <em>bookers<\/em> pr\u00e9sents pendant le FME, si un groupe local se fait conna\u00eetre gr\u00e2ce \u00e0 sa prestation \u00e0 la Boutique et que \u00e7a le m\u00e8ne ailleurs, on est ben content.<\/p>\n<p><iframe loading=\"lazy\" title=\"Carapace - Boutique FMER\" width=\"474\" height=\"267\" src=\"https:\/\/www.youtube.com\/embed\/aOozkqe22ok?feature=oembed\" frameborder=\"0\" allow=\"accelerometer; autoplay; clipboard-write; encrypted-media; gyroscope; picture-in-picture; web-share\" referrerpolicy=\"strict-origin-when-cross-origin\" allowfullscreen><\/iframe><\/p>\n<p><strong><span style=\"color: #3366ff;\">Avec la notori\u00e9t\u00e9 grandissante de la Boutique et les places limit\u00e9es sur le plancher, est-ce que vous songez \u00e9ventuellement d\u00e9m\u00e9nager la Boutique dans un locale plus grand pour accueillir plus de monde?<\/span><\/strong><\/p>\n<p><strong>Franz<\/strong><br \/>\nMoi j\u2019aime l\u2019id\u00e9e que \u00e7a devienne chaotique. Dude c\u2019est l\u2019essence m\u00eame du rock &amp; roll. Aussi con que \u00e7a puisse para\u00eetre comme phrase, autant clich\u00e9 que \u00e7a peut-\u00eatre, autant que c\u2019est vrai! C\u2019est risqu\u00e9, c\u2019est dangereux, on peut se blesser mais c\u2019est vraiment \u00e7a l\u2019essence. Et d\u2019avoir mon <em>barber shop<\/em> au beau milieu de tout \u00e7a, je <em>jerk off<\/em> l\u00e0 tu n\u2019importes quand.<\/p>\n<p><strong>\u00c9ric<\/strong><br \/>\n\u00c0 Rancoeur l\u2019ann\u00e9e pass\u00e9 on \u00e9tait tellement tass\u00e9 qu\u2019\u00e0 la fin on a commenc\u00e9 \u00e0 faire rentrer du monde par dessus le monde. Une dizaine de personnes sont rentr\u00e9es en<em> bodysurfing<\/em> par dessus la foule.<\/p>\n<p><iframe loading=\"lazy\" title=\"Rancoeur - Boutique FMER\" width=\"474\" height=\"267\" src=\"https:\/\/www.youtube.com\/embed\/ubt-GiJMIRc?feature=oembed\" frameborder=\"0\" allow=\"accelerometer; autoplay; clipboard-write; encrypted-media; gyroscope; picture-in-picture; web-share\" referrerpolicy=\"strict-origin-when-cross-origin\" allowfullscreen><\/iframe><\/p>\n<p><span style=\"color: #3366ff;\"><strong>Est-ce que le FME vous a d\u00e9j\u00e0 demand\u00e9 de ralentir la cadence \u00e9tant donn\u00e9e que les shows pr\u00e9sent\u00e9s \u00e0 la Boutique ont lieu parfois en m\u00eame temps que la programmation officielle?<\/strong><\/span><\/p>\n<p><strong>Franz<\/strong><br \/>\nEn fait c\u2019est important de souligner que le FME nous laisse toute la latitude possible. On fait rien dans leur dos! Ils savent tout ce qui se passe et ils ont m\u00eame souvent des demandes.<\/p>\n<p><strong>\u00c9ric<\/strong><br \/>\nAu niveau du\u00a0<em>pacing<\/em> des bands par exemple, ils vont les coordonn\u00e9es s\u2019ils ont autres choses en m\u00eame temps. C\u2019est une belle collaboration en fait. Pour eux c\u2019est de l\u2019animation sur le site du festival qui est fait b\u00e9n\u00e9volement. \u00c7a leur co\u00fbte rien et \u00e7a prend z\u00e9ro temps d\u2019organisation parce qu\u2019on s\u2019occupe de tout. M\u00eame de notre toilette.<\/p>\n<p><strong>Franz<\/strong><br \/>\nSais-tu combien \u00e7a nous coutes en papier de toilette cette fin de semaine l\u00e0 man? On est la seule toilette propre 24h sur 24h du festival! Est lav\u00e9e 3 fois par jour. Les filles viennent \u00e0 la Boutique pour aller au toilette.<\/p>\n<p><strong><span style=\"color: #3366ff;\">Qu\u2019est-ce qui rend la Boutique si unique?<\/span><\/strong><\/p>\n<p><strong>Franz<\/strong><br \/>\nC&rsquo;est l&rsquo;univers, c&rsquo;est l&rsquo;ambiance. Ce n\u2019est pas uniquement des shows mais beaucoup d\u2019anecdotes aussi. Un moment donn\u00e9 il y a <a href=\"https:\/\/fr.wikipedia.org\/wiki\/Richard_Bellia\" target=\"_blank\" rel=\"noopener\">Richard Bellia<\/a> qui est pass\u00e9. Richard c\u2019est LE photographe des stars du rock.<\/p>\n<p><strong>\u00c9ric<\/strong><br \/>\nUn vieux monsieur qui nous dit qu\u2019il est photographe et qui vend ses photos 300$ tu vois le genre? On \u00e9tait sceptique mais le lendemain il apporte son cartable, je l\u2019ouvre et il y a une photo des <strong>Rolling Stones<\/strong> backstage ou encore <strong>Janis Joplin<\/strong> \u00e0 <strong>Woodstock<\/strong> en 1969. Lui son truc c\u2019est qu\u2019il prend des photos des artistes 3 ou 4 minutes avant qu\u2019il rentre sur sc\u00e8ne.<\/p>\n<p><strong>Franz<\/strong><br \/>\nToutes les rockstars des ann\u00e9es fin 70 d\u00e9but 80, il les as toutes! <strong>Jello Biafra, Henry Rollins, Johnny Rotten, Ian Curtis, Sid Vicious<\/strong>, <strong>Joe Strummer<\/strong>, ils sont toutes l\u00e0 pis c\u2019est ses photos \u00e0 lui! Apr\u00e8s \u00e7a il nous demande s\u2019il peut nous prendre en photos&#8230;<\/p>\n<p><strong><span style=\"color: #3366ff;\">Pour terminer, quel groupe vous r\u00eavez de recevoir \u00e0 la Boutique un jour?<br \/>\n<\/span><\/strong><br \/>\n<strong>\u00c9ric et Franz<\/strong><br \/>\nLightning Bolt!<\/p>\n<p><iframe loading=\"lazy\" title=\"Lightning Bolt &quot; Dracula Mountain &quot;\" width=\"474\" height=\"356\" src=\"https:\/\/www.youtube.com\/embed\/8JpHoAnaPK0?feature=oembed\" frameborder=\"0\" allow=\"accelerometer; autoplay; clipboard-write; encrypted-media; gyroscope; picture-in-picture; web-share\" referrerpolicy=\"strict-origin-when-cross-origin\" allowfullscreen><\/iframe><\/p>\n<p><strong>\u00c9ric<\/strong><br \/>\nCe band-l\u00e0 n&rsquo;est pas local mais il repr\u00e9sente vraiment l\u2019essence de la Boutique parce que les 2 gars font des shows partout et n\u2019importe quand. Dans des salons, des sous-sols, des cuisines. Eux ils n\u2019organisent pas trop, c\u2019est spontan\u00e9.<\/p>\n<hr \/>\n<p><em>La Boutique FMER sera ouverte du 30 ao\u00fbt au 2 septembre sur la 7e rue en plein coeur du FME.<\/em><\/p>\n<p>Vault \/ Mustapio \/ Cour \u00e0\u00a0 scrap \/ Chleophuzz\u00a0 \/ Matthew James \/ Rancoeur \/ Les Sprates \/\u00a0 Les Messieux \/\u00a0 Les Murdochs \/ Jimbo \/ Docteur V \/ Mr. Sant\u00e9 \/ Sam Rotunno.<\/p>\n<p><a href=\"http:\/\/www.abitibimontreal.com\/\" target=\"_blank\" rel=\"noopener\"><img loading=\"lazy\" decoding=\"async\" class=\"size-full wp-image-3284 aligncenter\" src=\"http:\/\/www.fmeat.org\/blog\/wp-content\/uploads\/2016\/08\/abitibi-montreal-fme-abitibi.jpg\" alt=\"Abitibi \/ Montr\u00e9al - La Bouche Croche - FME\" width=\"500\" height=\"201\" srcset=\"https:\/\/www.fmeat.org\/blog\/wp-content\/uploads\/2016\/08\/abitibi-montreal-fme-abitibi.jpg 500w, https:\/\/www.fmeat.org\/blog\/wp-content\/uploads\/2016\/08\/abitibi-montreal-fme-abitibi-300x121.jpg 300w\" sizes=\"auto, (max-width: 500px) 100vw, 500px\" \/><\/a><\/p>\n","protected":false},"excerpt":{"rendered":"<p>D\u2019aussi loin qu\u2019on se rappelle, le FME a d\u00e9but\u00e9 avec l\u2019envie de Sandy Boutin de faire venir des bands dans sa localit\u00e9 plut\u00f4t que de traverser le parc La V\u00e9rendrye pour acc\u00e9der \u00e0 une offre musicale plus fr\u00e9quente et vari\u00e9e. 15 ans plus tard, le FME a pris beaucoup d\u2019ampleur, il est devenu un adolescent &hellip; <a href=\"https:\/\/www.fmeat.org\/blog\/la-boutique-fmer-le-festival-dans-le-festival\/\" class=\"more-link\">Continuer la lecture de <span class=\"screen-reader-text\">La Boutique FMER : le festival dans le festival<\/span> <span class=\"meta-nav\">&rarr;<\/span><\/a><\/p>\n","protected":false},"author":29,"featured_media":4103,"comment_status":"open","ping_status":"closed","sticky":false,"template":"","format":"standard","meta":{"footnotes":""},"categories":[596,631],"tags":[632,635,634,633,222],"class_list":["post-4086","post","type-post","status-publish","format-standard","has-post-thumbnail","hentry","category-abitibimontreal","category-fme18","tag-boutique-ephemere","tag-boutique-fmer","tag-rancoeur","tag-richard-bellia","tag-rouyn-noranda"],"_links":{"self":[{"href":"https:\/\/www.fmeat.org\/blog\/wp-json\/wp\/v2\/posts\/4086","targetHints":{"allow":["GET"]}}],"collection":[{"href":"https:\/\/www.fmeat.org\/blog\/wp-json\/wp\/v2\/posts"}],"about":[{"href":"https:\/\/www.fmeat.org\/blog\/wp-json\/wp\/v2\/types\/post"}],"author":[{"embeddable":true,"href":"https:\/\/www.fmeat.org\/blog\/wp-json\/wp\/v2\/users\/29"}],"replies":[{"embeddable":true,"href":"https:\/\/www.fmeat.org\/blog\/wp-json\/wp\/v2\/comments?post=4086"}],"version-history":[{"count":32,"href":"https:\/\/www.fmeat.org\/blog\/wp-json\/wp\/v2\/posts\/4086\/revisions"}],"predecessor-version":[{"id":4125,"href":"https:\/\/www.fmeat.org\/blog\/wp-json\/wp\/v2\/posts\/4086\/revisions\/4125"}],"wp:featuredmedia":[{"embeddable":true,"href":"https:\/\/www.fmeat.org\/blog\/wp-json\/wp\/v2\/media\/4103"}],"wp:attachment":[{"href":"https:\/\/www.fmeat.org\/blog\/wp-json\/wp\/v2\/media?parent=4086"}],"wp:term":[{"taxonomy":"category","embeddable":true,"href":"https:\/\/www.fmeat.org\/blog\/wp-json\/wp\/v2\/categories?post=4086"},{"taxonomy":"post_tag","embeddable":true,"href":"https:\/\/www.fmeat.org\/blog\/wp-json\/wp\/v2\/tags?post=4086"}],"curies":[{"name":"wp","href":"https:\/\/api.w.org\/{rel}","templated":true}]}}