{"id":4042,"date":"2018-07-24T11:03:08","date_gmt":"2018-07-24T15:03:08","guid":{"rendered":"http:\/\/www.fmeat.org\/blog\/?p=4042"},"modified":"2018-09-17T10:45:06","modified_gmt":"2018-09-17T14:45:06","slug":"cest-une-jolie-histoire-mais-on-est-pas-la-pour-etre-sentimental","status":"publish","type":"post","link":"https:\/\/www.fmeat.org\/blog\/cest-une-jolie-histoire-mais-on-est-pas-la-pour-etre-sentimental\/","title":{"rendered":"C\u2019est une jolie histoire, mais on est pas l\u00e0 pour \u00eatre sentimental"},"content":{"rendered":"<p><em>Un texte de Myriam Charconnet<\/em><\/p>\n<p><span style=\"font-weight: 400;\"><strong>Je me souviens de ma premi\u00e8re rencontre avec le FME<\/strong>. <\/span><\/p>\n<p><span style=\"font-weight: 400;\">C\u2019\u00e9tait en 2013, j\u2019\u00e9tais arriv\u00e9e en Abitibi depuis \u00e0 peine 2 semaines. Encore un peu d\u00e9sorient\u00e9e par la nouvelle aventure que je venais vivre : \u00e9tudier \u00e0 6000 kilom\u00e8tres de chez moi, pendant un an. Un pari un peu fou pour la jeune fille de 22 ans que j\u2019\u00e9tais \u00e0 l\u2019\u00e9poque. <\/span><\/p>\n<p><span style=\"font-weight: 400;\">C\u2019est donc avec mes nouveaux colocataires que je me rendais au FME. Mon premier FME. <strong>Wow!<\/strong>\u00a0Quelle ambiance, quelle \u00e9nergie, quelle folie! C\u2019est un souvenir qui m\u2019est rest\u00e9 tr\u00e8s longtemps en m\u00e9moire et que je porte encore aujourd\u2019hui, m\u00eame si, il faut l\u2019avouer, les d\u00e9tails sont devenus un peu plus flous. <\/span><\/p>\n<p><span style=\"font-weight: 400;\">Je me rappelle de <strong>Misteur Valaire<\/strong> sur la Sc\u00e8ne Ext\u00e9rieure Desjardins de la 7e rue, des <strong>caniches roses<\/strong>, je me rappelle de toute cette \u00e9nergie qui flottait dans l\u2019air de Rouyn-Noranda ce soir l\u00e0. <\/span><\/p>\n<p><a href=\"http:\/\/www.fmeat.org\/blog\/wp-content\/uploads\/2018\/07\/Groenland30aout2013_-2.jpg\"><img loading=\"lazy\" decoding=\"async\" class=\" wp-image-4043 aligncenter\" src=\"http:\/\/www.fmeat.org\/blog\/wp-content\/uploads\/2018\/07\/Groenland30aout2013_-2-300x200.jpg\" alt=\"\" width=\"509\" height=\"339\" srcset=\"https:\/\/www.fmeat.org\/blog\/wp-content\/uploads\/2018\/07\/Groenland30aout2013_-2-300x200.jpg 300w, https:\/\/www.fmeat.org\/blog\/wp-content\/uploads\/2018\/07\/Groenland30aout2013_-2-768x512.jpg 768w, https:\/\/www.fmeat.org\/blog\/wp-content\/uploads\/2018\/07\/Groenland30aout2013_-2-1024x683.jpg 1024w, https:\/\/www.fmeat.org\/blog\/wp-content\/uploads\/2018\/07\/Groenland30aout2013_-2.jpg 1550w\" sizes=\"auto, (max-width: 509px) 100vw, 509px\" \/><span style=\"color: #333333;\"><em>Cr\u00e9dit photo : FME<\/em><\/span><\/a><\/p>\n<p><span style=\"font-weight: 400;\">En 2014, je suis le FME \u00e0 partir de la France. La nostalgie de l\u2019Abitibi chevill\u00e9e au corps depuis ma chambre \u00e9tudiante de 9 m\u00e8tres carr\u00e9s. C\u2019\u00e9tait beau l\u2019Abitibi, <strong>c\u2019\u00e9tait beau le FME<\/strong>, mais c\u2019est derri\u00e8re moi tout \u00e7a. <\/span><\/p>\n<p><span style=\"font-weight: 400;\">Avril 2015 : coup de th\u00e9\u00e2tre! Retour en Abitibi pour 4 mois de stage! Cela serait fou de revenir au FME, cela serait un vrai bonheur de pouvoir y assister. Mais mes plans sont diff\u00e9rents. Une fois mon stage fini, je traverse \u00e0 nouveau l\u2019oc\u00e9an et je suis cette fois-ci le FME d\u2019Istanbul, en Turquie, o\u00f9 je suis en vacances. <strong>Je me rappelle visionner les capsules quotidiennes du toit de mon auberge de jeunesse, avec Aya Sofia au loin.<\/strong><\/span><\/p>\n<p><span style=\"font-weight: 400;\">Nouveau coup de th\u00e9\u00e2tre en ao\u00fbt 2016! Je suis de retour en Abitibi! <strong>T\u2019y crois, toi?<\/strong> Presque 2 ans plus tard je trouve \u00e7a encore fou! <\/span><\/p>\n<p><span style=\"font-weight: 400;\">Je travaille alors en production vid\u00e9o et je vais vivre le FME d\u2019une double mani\u00e8re. Mon chum nous a achet\u00e9 des passeports et je coordonne le tournage de la capsule finale du festival. Je me vois encore, lors du 5@7 d\u2019ouverture, courir apr\u00e8s mes vid\u00e9astes, \u00eatre appel\u00e9e en plein milieu du show de Galaxie et Marie-Pierre Arthur pour une affaire d\u2019alarme qui est partie au bureau apr\u00e8s avoir d\u00e9pos\u00e9 une cam\u00e9ra, de courir voir le montage de la vid\u00e9o apr\u00e8s le show sp\u00e9cial avec sc\u00e9nographie 3D de Dear Criminals au Paramount. <\/span><\/p>\n<p><span style=\"font-weight: 400;\"><strong>C\u2019est 5 ans apr\u00e8s notre premi\u00e8re rencontre que j\u2019int\u00e8gre l\u2019organisation du FME.<\/strong> Je deviens membre de la <\/span><i><span style=\"font-weight: 400;\">team<\/span><\/i><span style=\"font-weight: 400;\">, je prends en charge les communications. Tu m\u2019aurais dit \u00e7a en 2013, je t\u2019aurais bien gentillement ri au nez! <\/span><\/p>\n<p><span style=\"font-weight: 400;\">J\u2019arrive donc au sein de cette nouvelle job, et ce \u00e0 une p\u00e9riode assez intense. Nous sommes deux semaines avant le d\u00e9but de Quartiers d\u2019Hiver, <\/span><i><span style=\"font-weight: 400;\">QH<\/span><\/i><span style=\"font-weight: 400;\"> qu\u2019on l\u2019appelle. <\/span><a href=\"http:\/\/www.fmeat.org\/blog\/wp-content\/uploads\/2018\/07\/28827541_10215747626472206_5372478190787651971_o.jpg\"><img loading=\"lazy\" decoding=\"async\" class=\" wp-image-4044 aligncenter\" src=\"http:\/\/www.fmeat.org\/blog\/wp-content\/uploads\/2018\/07\/28827541_10215747626472206_5372478190787651971_o-300x300.jpg\" alt=\"\" width=\"388\" height=\"388\" srcset=\"https:\/\/www.fmeat.org\/blog\/wp-content\/uploads\/2018\/07\/28827541_10215747626472206_5372478190787651971_o-300x300.jpg 300w, https:\/\/www.fmeat.org\/blog\/wp-content\/uploads\/2018\/07\/28827541_10215747626472206_5372478190787651971_o-150x150.jpg 150w, https:\/\/www.fmeat.org\/blog\/wp-content\/uploads\/2018\/07\/28827541_10215747626472206_5372478190787651971_o-768x768.jpg 768w, https:\/\/www.fmeat.org\/blog\/wp-content\/uploads\/2018\/07\/28827541_10215747626472206_5372478190787651971_o-1024x1024.jpg 1024w, https:\/\/www.fmeat.org\/blog\/wp-content\/uploads\/2018\/07\/28827541_10215747626472206_5372478190787651971_o.jpg 1080w\" sizes=\"auto, (max-width: 388px) 100vw, 388px\" \/><\/a><span style=\"font-weight: 400;\">C\u2019est alors que tu d\u00e9couvres une tout autre dimension du festival. \u00catre simple festivalier et \u00eatre membre de l\u2019organisation, c\u2019est vraiment pas la m\u00eame affaire. <strong>Tu int\u00e8gres l\u2019envers du d\u00e9cors, la fourmili\u00e8re g\u00e9ante, tu roules sur l\u2019excitation et le caf\u00e9<\/strong>; tu vis quelque chose que seulement toi et les personnes qui sont dans le m\u00eame bateau que toi peuvent comprendre.<\/span><\/p>\n<hr \/>\n<p style=\"text-align: center;\"><span style=\"font-weight: 400; color: #999999;\">De festivali\u00e8re \u00e0 responsable des communications, il y a eu <strong>5 ans<\/strong>. <\/span><\/p>\n<p style=\"text-align: center;\"><span style=\"font-weight: 400; color: #999999;\">Au milieu de tout \u00e7a, <strong>j\u2019ai termin\u00e9 mes \u00e9tudes, j\u2019ai voyag\u00e9, j\u2019ai rencontr\u00e9 mon chum, je me suis expatri\u00e9e, j\u2019ai int\u00e9gr\u00e9 une job, j\u2019ai quitt\u00e9 une job, pis j\u2019ai adopt\u00e9 un chat (et \u00e7a c\u2019est important!)<\/strong>.<\/span><\/p>\n<p style=\"text-align: center;\"><span style=\"font-weight: 400; color: #999999;\"><a href=\"http:\/\/www.fmeat.org\/blog\/wp-content\/uploads\/2018\/07\/IMG_0022.jpg\"><img loading=\"lazy\" decoding=\"async\" class=\"alignnone wp-image-4067\" src=\"http:\/\/www.fmeat.org\/blog\/wp-content\/uploads\/2018\/07\/IMG_0022-300x300.jpg\" alt=\"\" width=\"370\" height=\"370\" srcset=\"https:\/\/www.fmeat.org\/blog\/wp-content\/uploads\/2018\/07\/IMG_0022-300x300.jpg 300w, https:\/\/www.fmeat.org\/blog\/wp-content\/uploads\/2018\/07\/IMG_0022-150x150.jpg 150w, https:\/\/www.fmeat.org\/blog\/wp-content\/uploads\/2018\/07\/IMG_0022-768x768.jpg 768w, https:\/\/www.fmeat.org\/blog\/wp-content\/uploads\/2018\/07\/IMG_0022-1024x1024.jpg 1024w, https:\/\/www.fmeat.org\/blog\/wp-content\/uploads\/2018\/07\/IMG_0022.jpg 1601w\" sizes=\"auto, (max-width: 370px) 100vw, 370px\" \/><\/a><\/span><\/p>\n<p style=\"text-align: center;\"><span style=\"color: #808080;\">Oui, c&rsquo;est une beaut\u00e9!\u00a0<\/span><\/p>\n<hr \/>\n<p><span style=\"font-weight: 400; color: #333333;\">Cher FME, je trouve qu\u2019on vit une belle histoire ensemble, je pense qu\u2019on peut aller loin toi et moi. En tout cas c\u2019est s\u00fbr, <strong>toi et les humains qui te composent vous tenez une place sp\u00e9ciale dans ma vie<\/strong>.<\/span><\/p>\n<p><span style=\"font-weight: 400;\">Allez, je ne suis pas l\u00e0 pour \u00eatre sentimentale! On a encore un peu de pain sur la planche pour vous offrir un beau festival. <strong>On se voit au FME! En attendant, prenez soin de vous!<\/strong><\/span><\/p>\n","protected":false},"excerpt":{"rendered":"<p>Un texte de Myriam Charconnet Je me souviens de ma premi\u00e8re rencontre avec le FME. C\u2019\u00e9tait en 2013, j\u2019\u00e9tais arriv\u00e9e en Abitibi depuis \u00e0 peine 2 semaines. Encore un peu d\u00e9sorient\u00e9e par la nouvelle aventure que je venais vivre : \u00e9tudier \u00e0 6000 kilom\u00e8tres de chez moi, pendant un an. Un pari un peu fou &hellip; <a href=\"https:\/\/www.fmeat.org\/blog\/cest-une-jolie-histoire-mais-on-est-pas-la-pour-etre-sentimental\/\" class=\"more-link\">Continuer la lecture de <span class=\"screen-reader-text\">C\u2019est une jolie histoire, mais on est pas l\u00e0 pour \u00eatre sentimental<\/span> <span class=\"meta-nav\">&rarr;<\/span><\/a><\/p>\n","protected":false},"author":21,"featured_media":0,"comment_status":"open","ping_status":"closed","sticky":false,"template":"","format":"standard","meta":{"footnotes":""},"categories":[631],"tags":[],"class_list":["post-4042","post","type-post","status-publish","format-standard","hentry","category-fme18"],"_links":{"self":[{"href":"https:\/\/www.fmeat.org\/blog\/wp-json\/wp\/v2\/posts\/4042","targetHints":{"allow":["GET"]}}],"collection":[{"href":"https:\/\/www.fmeat.org\/blog\/wp-json\/wp\/v2\/posts"}],"about":[{"href":"https:\/\/www.fmeat.org\/blog\/wp-json\/wp\/v2\/types\/post"}],"author":[{"embeddable":true,"href":"https:\/\/www.fmeat.org\/blog\/wp-json\/wp\/v2\/users\/21"}],"replies":[{"embeddable":true,"href":"https:\/\/www.fmeat.org\/blog\/wp-json\/wp\/v2\/comments?post=4042"}],"version-history":[{"count":23,"href":"https:\/\/www.fmeat.org\/blog\/wp-json\/wp\/v2\/posts\/4042\/revisions"}],"predecessor-version":[{"id":4212,"href":"https:\/\/www.fmeat.org\/blog\/wp-json\/wp\/v2\/posts\/4042\/revisions\/4212"}],"wp:attachment":[{"href":"https:\/\/www.fmeat.org\/blog\/wp-json\/wp\/v2\/media?parent=4042"}],"wp:term":[{"taxonomy":"category","embeddable":true,"href":"https:\/\/www.fmeat.org\/blog\/wp-json\/wp\/v2\/categories?post=4042"},{"taxonomy":"post_tag","embeddable":true,"href":"https:\/\/www.fmeat.org\/blog\/wp-json\/wp\/v2\/tags?post=4042"}],"curies":[{"name":"wp","href":"https:\/\/api.w.org\/{rel}","templated":true}]}}