{"id":2908,"date":"2016-03-02T11:58:01","date_gmt":"2016-03-02T11:58:01","guid":{"rendered":"http:\/\/www.fmeat.org\/blog\/?p=2908"},"modified":"2017-08-14T15:11:29","modified_gmt":"2017-08-14T15:11:29","slug":"portraits-des-quartiers-dhiver-danielle-et-rachelle","status":"publish","type":"post","link":"https:\/\/www.fmeat.org\/blog\/portraits-des-quartiers-dhiver-danielle-et-rachelle\/","title":{"rendered":"PORTRAIT DES QUARTIERS D&rsquo;HIVER : DANIELLE ET RACHELLE"},"content":{"rendered":"<div class=\"_4tdt\">\n<div class=\"_4tdv\">\n<div class=\"_5wd4 _1nc7 direction_ltr\">\n<div class=\"_5wd9\">\n<div class=\"_5wde _n4o\">\n<div class=\"_5w1r _3_om _5wdf\">\n<div class=\"_4gx_\">\n<div class=\"_d97\"><span class=\"_5yl5\">Le <a href=\"http:\/\/us2.campaign-archive1.com\/?u=294682fd02fa84155f321e917&amp;id=24d90e8f3a\">show d&rsquo;ouverture-b\u00e9n\u00e9fice<\/a> de cette \u00e9dition des Quartiers d&rsquo;hiver met \u00e0 l&rsquo;honneur les talents musicaux de femmes inspirantes, \u00e9tablies ou \u00e9mergentes.\u00a0Pour mon premier portrait, j&rsquo;avais le go\u00fbt de suivre cette voie et de vous pr\u00e9senter\u00a0deux jeunes entrepreneures natives de Rouyn-Noranda. Fondatrices de l\u2019entreprise Les Frangines et propri\u00e9taires de la Sc\u00e8ne Paramount. D&rsquo;ailleurs, le vendredi\u00a011 mars elles vous accueilleront pour le\u00a0<a href=\"http:\/\/quartiersdhiver.com\/\">show hip hop<\/a>.\u00a0<\/span><\/div>\n<\/div>\n<\/div>\n<div class=\"_d97\"><\/div>\n<div class=\"_5w1r _3_om _5wdf\">\n<div class=\"_4gx_\">\n<div class=\"_d97\"><a href=\"http:\/\/www.fmeat.org\/blog\/wp-content\/uploads\/2016\/03\/DSC_3478.jpg\" rel=\"attachment wp-att-2911\"><img loading=\"lazy\" decoding=\"async\" class=\"alignnone wp-image-2911\" src=\"http:\/\/www.fmeat.org\/blog\/wp-content\/uploads\/2016\/03\/DSC_3478-300x200.jpg\" alt=\"DSC_3478\" width=\"452\" height=\"301\" srcset=\"https:\/\/www.fmeat.org\/blog\/wp-content\/uploads\/2016\/03\/DSC_3478-300x200.jpg 300w, https:\/\/www.fmeat.org\/blog\/wp-content\/uploads\/2016\/03\/DSC_3478-768x513.jpg 768w, https:\/\/www.fmeat.org\/blog\/wp-content\/uploads\/2016\/03\/DSC_3478-1024x684.jpg 1024w, https:\/\/www.fmeat.org\/blog\/wp-content\/uploads\/2016\/03\/DSC_3478.jpg 1200w\" sizes=\"auto, (max-width: 452px) 100vw, 452px\" \/><\/a><\/div>\n<div class=\"_d97\"><\/div>\n<blockquote>\n<div class=\"_d97\">\u00a8Difficile de ne pas s\u2019amouracher d\u2019un festival qui fait battre le coeur de notre r\u00e9gion \u00e0 cent mille \u00e0 l\u2019heure ! Le FME \u00e7a nous rend fi\u00e8res, c\u2019est l\u2019occasion r\u00eav\u00e9e d\u2019inviter le monde entier \u00e0 voir comment c\u2019est beau par chez-nous ! L\u2019\u00e9nergie que l\u2019\u00e9quipe du FME d\u00e9gage avec tous ses b\u00e9n\u00e9voles et ses artistes partout, partout c\u2019est vraiment impressionnant pour la visite !\u00a8<\/div>\n<\/blockquote>\n<\/div>\n<\/div>\n<\/div>\n<\/div>\n<\/div>\n<\/div>\n<\/div>\n","protected":false},"excerpt":{"rendered":"<p>Le show d&rsquo;ouverture-b\u00e9n\u00e9fice de cette \u00e9dition des Quartiers d&rsquo;hiver met \u00e0 l&rsquo;honneur les talents musicaux de femmes inspirantes, \u00e9tablies ou \u00e9mergentes.\u00a0Pour mon premier portrait, j&rsquo;avais le go\u00fbt de suivre cette voie et de vous pr\u00e9senter\u00a0deux jeunes entrepreneures natives de Rouyn-Noranda. Fondatrices de l\u2019entreprise Les Frangines et propri\u00e9taires de la Sc\u00e8ne Paramount. D&rsquo;ailleurs, le vendredi\u00a011 mars &hellip; <a href=\"https:\/\/www.fmeat.org\/blog\/portraits-des-quartiers-dhiver-danielle-et-rachelle\/\" class=\"more-link\">Continuer la lecture de <span class=\"screen-reader-text\">PORTRAIT DES QUARTIERS D&rsquo;HIVER : DANIELLE ET RACHELLE<\/span> <span class=\"meta-nav\">&rarr;<\/span><\/a><\/p>\n","protected":false},"author":24,"featured_media":2910,"comment_status":"open","ping_status":"closed","sticky":false,"template":"","format":"image","meta":{"footnotes":""},"categories":[399,614],"tags":[445],"class_list":["post-2908","post","type-post","status-publish","format-image","has-post-thumbnail","hentry","category-marie-pier","category-quartiers-dhiver-2016","tag-portraits-de-quartiers-dhiver","post_format-image"],"_links":{"self":[{"href":"https:\/\/www.fmeat.org\/blog\/wp-json\/wp\/v2\/posts\/2908","targetHints":{"allow":["GET"]}}],"collection":[{"href":"https:\/\/www.fmeat.org\/blog\/wp-json\/wp\/v2\/posts"}],"about":[{"href":"https:\/\/www.fmeat.org\/blog\/wp-json\/wp\/v2\/types\/post"}],"author":[{"embeddable":true,"href":"https:\/\/www.fmeat.org\/blog\/wp-json\/wp\/v2\/users\/24"}],"replies":[{"embeddable":true,"href":"https:\/\/www.fmeat.org\/blog\/wp-json\/wp\/v2\/comments?post=2908"}],"version-history":[{"count":12,"href":"https:\/\/www.fmeat.org\/blog\/wp-json\/wp\/v2\/posts\/2908\/revisions"}],"predecessor-version":[{"id":2955,"href":"https:\/\/www.fmeat.org\/blog\/wp-json\/wp\/v2\/posts\/2908\/revisions\/2955"}],"wp:featuredmedia":[{"embeddable":true,"href":"https:\/\/www.fmeat.org\/blog\/wp-json\/wp\/v2\/media\/2910"}],"wp:attachment":[{"href":"https:\/\/www.fmeat.org\/blog\/wp-json\/wp\/v2\/media?parent=2908"}],"wp:term":[{"taxonomy":"category","embeddable":true,"href":"https:\/\/www.fmeat.org\/blog\/wp-json\/wp\/v2\/categories?post=2908"},{"taxonomy":"post_tag","embeddable":true,"href":"https:\/\/www.fmeat.org\/blog\/wp-json\/wp\/v2\/tags?post=2908"}],"curies":[{"name":"wp","href":"https:\/\/api.w.org\/{rel}","templated":true}]}}