{"id":2418,"date":"2015-09-03T23:48:49","date_gmt":"2015-09-03T23:48:49","guid":{"rendered":"http:\/\/www.fmeat.org\/blog\/?p=2418"},"modified":"2017-08-14T15:15:10","modified_gmt":"2017-08-14T15:15:10","slug":"jai-jase-avec-le-maire-de-rouyn-noranda","status":"publish","type":"post","link":"https:\/\/www.fmeat.org\/blog\/jai-jase-avec-le-maire-de-rouyn-noranda\/","title":{"rendered":"J&rsquo;ai jas\u00e9 avec le maire de Rouyn-Noranda"},"content":{"rendered":"<p>Pour bien comprendre un lieu, il faut aller souvent \u00e0 la source. Mon besoin d\u2019en conna\u00eetre davantage sur l\u2019Abitibi, avant mon d\u00e9part, m\u2019a pouss\u00e9 \u00e0 \u00e9crire directement au maire de Rouyn (non monsieur-madame, je n\u2019y vais pas de main morte). Monsieur Provencher s\u2019est pr\u00eat\u00e9 au jeu. Mes questions sont parfois sal\u00e9es cornichon aneth, mais les r\u00e9ponses sont toujours sucr\u00e9es miel vanille, une excellente qualit\u00e9 pour un politicien. Je vais tenter de le chercher dans la foule au lancement afin de lui serrer la pince. N\u2019h\u00e9sitez pas \u00e0 me le pointer pendant le show d\u2019Ariane Moffatt. Voici donc 5 questions \u00e0 Mario Provencher.<\/p>\n<p><strong>1. Monsieur Provencher, on ne se conna\u00eet pas. Tout d&rsquo;abord, all\u00f4. J\u2019ai appris que vous \u00e9tiez le maire de Rouyn en fouillant sur le Net. Est-ce que vous \u00eates un bon maire?<\/strong><\/p>\n<p>Je crois que je suis un bon maire, mais ce serait une question \u00e0 poser \u00e0 mes citoyens! J\u2019en suis \u00e0 mon deuxi\u00e8me mandat. Le d\u00e9veloppement de ma ville est tr\u00e8s important; c&rsquo;est pourquoi je suis impliqu\u00e9 dans plusieurs comit\u00e9s (membre du Comit\u00e9 ex\u00e9cutif de l\u2019UMQ, pr\u00e9sident du Comit\u00e9 de l\u2019a\u00e9roport, membre du Secr\u00e9tariat aux alliances \u00e9conomiques Nation Cree, pr\u00e9sident de la Conf\u00e9rence des pr\u00e9fets, pr\u00e9sident de Villes et Villages en sant\u00e9, membre du Comit\u00e9 des Villes intelligentes de l\u2019UMQ, repr\u00e9sentant du Caucus des Cit\u00e9s r\u00e9gionales \u00e0 l\u2019AIMF, pr\u00e9sident du Comit\u00e9 consultatif minier, etc.). De plus, je suis facile d\u2019acc\u00e8s aupr\u00e8s des citoyennes et citoyens. Je rencontre r\u00e9guli\u00e8rement des organismes \u00e0 but non lucratif (sportif, culturel et social).<\/p>\n<p><strong>2. Pourquoi les gens partent de Montr\u00e9al, et font 7 heures de char, pour aller au FME?<\/strong><\/p>\n<p>Tout d\u2019abord, c\u2019est un \u00e9v\u00e9nement qui est reconnu internationalement. Lorsque je suis all\u00e9 en France et en Belgique, les gens me parlaient de ce festival unique. Tous les styles de musique y sont exploit\u00e9s. Les artistes proviennent de partout. Nos meilleurs ambassadeurs du FME sont nos \u00e9tudiants qui \u00e9tudient \u00e0 l\u2019ext\u00e9rieur de Rouyn-Noranda et qui en font une publicit\u00e9. Ils invitent les gens \u00e0 venir vivre cette exp\u00e9rience. Une fois sur place, les gens sont enchant\u00e9s et y reviennent d\u2019ann\u00e9e en ann\u00e9e.<\/p>\n<p><strong>3. Le slogan de la ville de Rouyn-Noranda est \u00ab\u00a0Rouyn-Noranda, ville de sensations\u00a0\u00bb. De quelles sensations parle-t-on ici?<\/strong><\/p>\n<p>Dans le cas du FME, on parle de la fibre \u00ab\u00a0culturelle\u00a0\u00bb. Pour le slogan, on parle d\u2019exp\u00e9riences v\u00e9cues dans tous les domaines, que ce soit \u00e9conomique, social, sportif, culturel, culinaire, etc.<\/p>\n<p><strong>4. Je ne connais pas du tout Rouyn. Si par exemple il me prenait de revenir quelques mois apr\u00e8s le FME, qu\u2019est-ce que je pourrais faire dans votre ville (\u00e0 part \u00eatre nostalgique de l\u2019\u00e9v\u00e9nement)?<\/strong><\/p>\n<p>Tout d\u2019abord, il y a plusieurs festivals au cours de l\u2019ann\u00e9e, que ce soit le Festival des guitares du monde, le Festival du cin\u00e9ma international, le Festival du Blues, le DocuMenteur, le Festibi\u00e8re, Osisko en lumi\u00e8re, sans oublier toutes les activit\u00e9s sportives (motoneige, v\u00e9lo, marche dans les sentiers p\u00e9destres, ski alpin, p\u00eache, chasse), en plus des sites touristiques \u00e0 visiter.<\/p>\n<p><strong>5. Finalement, est-ce que vous accepteriez qu\u2019on aille voir au moins un show ensemble du 3 au 6 septembre?<\/strong><\/p>\n<p>Cela m\u2019aurait fait un grand plaisir de partager avec vous l\u2019exp\u00e9rience du FME. Malheureusement, mes obligations professionnelles m\u2019emp\u00eachent d\u2019y participer cette ann\u00e9e. Je serai cependant \u00e0 la journ\u00e9e d\u2019ouverture qui aura lieu ce jeudi 3 septembre. Je vous souhaite un tr\u00e8s bon festival et j\u2019esp\u00e8re qu\u2019on aura la chance de vous revoir l\u2019an prochain!<\/p>\n<p><a href=\"http:\/\/www.fmeat.org\/blog\/wp-content\/uploads\/2015\/09\/giphy.gif\"><img loading=\"lazy\" decoding=\"async\" class=\"alignnone size-full wp-image-2422\" src=\"http:\/\/www.fmeat.org\/blog\/wp-content\/uploads\/2015\/09\/giphy.gif\" alt=\"giphy\" width=\"500\" height=\"379\" \/><\/a><\/p>\n","protected":false},"excerpt":{"rendered":"<p>Pour bien comprendre un lieu, il faut aller souvent \u00e0 la source. Mon besoin d\u2019en conna\u00eetre davantage sur l\u2019Abitibi, avant mon d\u00e9part, m\u2019a pouss\u00e9 \u00e0 \u00e9crire directement au maire de Rouyn (non monsieur-madame, je n\u2019y vais pas de main morte). Monsieur Provencher s\u2019est pr\u00eat\u00e9 au jeu. Mes questions sont parfois sal\u00e9es cornichon aneth, mais les &hellip; <a href=\"https:\/\/www.fmeat.org\/blog\/jai-jase-avec-le-maire-de-rouyn-noranda\/\" class=\"more-link\">Continuer la lecture de <span class=\"screen-reader-text\">J&rsquo;ai jas\u00e9 avec le maire de Rouyn-Noranda<\/span> <span class=\"meta-nav\">&rarr;<\/span><\/a><\/p>\n","protected":false},"author":27,"featured_media":2419,"comment_status":"open","ping_status":"closed","sticky":false,"template":"","format":"standard","meta":{"footnotes":""},"categories":[501,611],"tags":[],"class_list":["post-2418","post","type-post","status-publish","format-standard","has-post-thumbnail","hentry","category-antoine","category-fme15"],"_links":{"self":[{"href":"https:\/\/www.fmeat.org\/blog\/wp-json\/wp\/v2\/posts\/2418","targetHints":{"allow":["GET"]}}],"collection":[{"href":"https:\/\/www.fmeat.org\/blog\/wp-json\/wp\/v2\/posts"}],"about":[{"href":"https:\/\/www.fmeat.org\/blog\/wp-json\/wp\/v2\/types\/post"}],"author":[{"embeddable":true,"href":"https:\/\/www.fmeat.org\/blog\/wp-json\/wp\/v2\/users\/27"}],"replies":[{"embeddable":true,"href":"https:\/\/www.fmeat.org\/blog\/wp-json\/wp\/v2\/comments?post=2418"}],"version-history":[{"count":7,"href":"https:\/\/www.fmeat.org\/blog\/wp-json\/wp\/v2\/posts\/2418\/revisions"}],"predecessor-version":[{"id":2481,"href":"https:\/\/www.fmeat.org\/blog\/wp-json\/wp\/v2\/posts\/2418\/revisions\/2481"}],"wp:featuredmedia":[{"embeddable":true,"href":"https:\/\/www.fmeat.org\/blog\/wp-json\/wp\/v2\/media\/2419"}],"wp:attachment":[{"href":"https:\/\/www.fmeat.org\/blog\/wp-json\/wp\/v2\/media?parent=2418"}],"wp:term":[{"taxonomy":"category","embeddable":true,"href":"https:\/\/www.fmeat.org\/blog\/wp-json\/wp\/v2\/categories?post=2418"},{"taxonomy":"post_tag","embeddable":true,"href":"https:\/\/www.fmeat.org\/blog\/wp-json\/wp\/v2\/tags?post=2418"}],"curies":[{"name":"wp","href":"https:\/\/api.w.org\/{rel}","templated":true}]}}