{"id":2221,"date":"2015-08-26T18:22:02","date_gmt":"2015-08-26T18:22:02","guid":{"rendered":"http:\/\/www.fmeat.org\/blog\/?p=2221"},"modified":"2017-08-14T15:15:11","modified_gmt":"2017-08-14T15:15:11","slug":"exclusivite-fme-single-entrevue-avec-navet-confit","status":"publish","type":"post","link":"https:\/\/www.fmeat.org\/blog\/exclusivite-fme-single-entrevue-avec-navet-confit\/","title":{"rendered":"Exclusivit\u00e9 FME : single + entrevue avec Navet Confit"},"content":{"rendered":"<p>Lors de\u00a0son spectacle le 4 septembre prochain, Navet Confit pr\u00e9sentera au FME son nouvel album, dont la sortie est annonc\u00e9e pour le 18. R\u00e9alis\u00e9 en \u00e9quipe avec ses acolytes Lydia Champagne (batterie), Carl-\u00c9ric Hudon (basse) et d\u2019autres invit\u00e9s, l\u2019album qui contient 18 nouvelles chansons \u2013 aux titres savoureux, caract\u00e9ristique du travail de Navet \u2013 promet d\u2019\u00eatre plus\u2026 punk.<\/p>\n<p>Le musicien et sa <a href=\"http:\/\/lameuteprod.com\/\" target=\"_blank\">Meute<\/a> nous font cadeau du premier <em>single<\/em>, juste ici, en exclusivit\u00e9 sur le blogue officiel du Festival. Pas pire, hein? J\u2019ai eu le plaisir de lui poser quelques questions pour avoir une petite id\u00e9e de ce qui nous attend avec l\u2019album <em>LOL<\/em>.<\/p>\n<h2>Mannequin de magasin \/ <em>LOL<\/em> \/ Navet Confit :<\/h2>\n<audio class=\"wp-audio-shortcode\" id=\"audio-2221-1\" preload=\"auto\" style=\"width: 100%;\" controls=\"controls\"><source type=\"audio\/mpeg\" src=\"https:\/\/www.fmeat.org\/blog\/wp-content\/uploads\/2015\/08\/Navet-Confit-LOL-03-Mannequin-de-magasin.mp3?_=1\" \/><a href=\"https:\/\/www.fmeat.org\/blog\/wp-content\/uploads\/2015\/08\/Navet-Confit-LOL-03-Mannequin-de-magasin.mp3\">https:\/\/www.fmeat.org\/blog\/wp-content\/uploads\/2015\/08\/Navet-Confit-LOL-03-Mannequin-de-magasin.mp3<\/a><\/audio>\n<p><strong>M\u00e9lanie\u00a0Jannard\u00a0: Quand je t\u2019ai crois\u00e9 l\u2019autre fois <\/strong><a href=\"http:\/\/www.lesmeconnus.net\/zone-homa-la-gardienne-cette-histoire-qui-ne-se-demode-pas\/\" target=\"_blank\"><strong>au th\u00e9\u00e2tre<\/strong><\/a><strong> \u2013 \u00e7a nous donne un air cultiv\u00e9 \u2013, tu me disais que le nouvel album allait \u00eatre plus punk. Comment \u00e7a, donc?<\/strong><\/p>\n<p><strong>Navet Confit\u00a0:<\/strong> Ben en fait c\u2019est un album de punk, mais j\u2019ai jamais \u00e9t\u00e9 punk. C\u2019est un peu un exercice de style, une fa\u00e7on d\u2019aller \u00e0 l\u2019extr\u00eame, \u00eatre un peu plus radical qu\u2019avant, dans un esprit assez juv\u00e9nile, adolescent, niaiseux\u2026 Mais tout \u00e7a est g\u00e9r\u00e9 par quelque chose de plus s\u00e9rieux dans la d\u00e9marche; c\u2019est pas <em>purement<\/em> juv\u00e9nile, mais dans l\u2019esprit, oui. La premi\u00e8re fois que t\u2019\u00e9coutes <em>Nevermind<\/em> en cassette\u00a0: je voulais recr\u00e9er \u00e7a. Je voulais mettre des guitares fortes pis gueuler.<br \/>\n<strong><br \/>\n<\/strong>L\u2019id\u00e9e derri\u00e8re ce virage-l\u00e0, \u00e7a vient d\u2019une conversation avec mon booker, Guillaume Ruel. On a quand m\u00eame fait des bons festivals, mais dans des salles, j\u2019ai de la mis\u00e8re \u00e0 me <em>booker<\/em>, parce que j\u2019ai comme une r\u00e9putation de \u00ab\u00a0<em>c\u2019est ben trop fuck\u00e9!<\/em>\u00a0\u00bb, alors que je consid\u00e8re que je fais de la pop. \u00c7a fait que tant qu\u2019\u00e0 \u00eatre barr\u00e9\u2026 C\u2019est une blague, aussi; c&rsquo;est pour \u00e7a que l\u2019album s\u2019appelle <em>LOL<\/em>.<\/p>\n<p>C\u2019est tr\u00e8s exigeant d\u2019enregistrer \u00e7a \u00e0 la journ\u00e9e longue. C\u2019est pas le genre de musique que j\u2019\u00e9coute, mais j&rsquo;aime \u00e7a en faire.<\/p>\n<p><strong>MJ\u00a0: Mais revenons \u00e0\u00a0<em>LOL<\/em>\u00a0: pourquoi? \u00a0<\/strong><\/p>\n<figure id=\"attachment_2279\" aria-describedby=\"caption-attachment-2279\" style=\"width: 300px\" class=\"wp-caption alignright\"><a href=\"http:\/\/www.fmeat.org\/blog\/wp-content\/uploads\/2015\/08\/LOL_album.jpg\"><img loading=\"lazy\" decoding=\"async\" class=\"wp-image-2279 size-medium\" src=\"http:\/\/www.fmeat.org\/blog\/wp-content\/uploads\/2015\/08\/LOL_album-300x300.jpg\" alt=\"La pochette de l'album LOL, confectionn\u00e9e par Navet lui-m\u00eame.\" width=\"300\" height=\"300\" srcset=\"https:\/\/www.fmeat.org\/blog\/wp-content\/uploads\/2015\/08\/LOL_album-300x300.jpg 300w, https:\/\/www.fmeat.org\/blog\/wp-content\/uploads\/2015\/08\/LOL_album-150x150.jpg 150w, https:\/\/www.fmeat.org\/blog\/wp-content\/uploads\/2015\/08\/LOL_album-1024x1024.jpg 1024w, https:\/\/www.fmeat.org\/blog\/wp-content\/uploads\/2015\/08\/LOL_album.jpg 1200w\" sizes=\"auto, (max-width: 300px) 100vw, 300px\" \/><\/a><figcaption id=\"caption-attachment-2279\" class=\"wp-caption-text\"><em>Navet Confit a r\u00e9alis\u00e9 lui-m\u00eame la pochette de son dernier album,\u00a0<\/em>LOL<em>.<\/em><\/figcaption><\/figure>\n<p><strong>NC\u00a0:<\/strong> <em>LOL<\/em>, parce que c\u2019est comme une joke. Parce que c\u2019est une joke de dire<br \/>\n\u00ab lol\u00a0\u00bb; parce que \u00ab\u00a0lol\u00a0\u00bb, c\u2019est vraiment pass\u00e9 date, alors \u00e7a devient un 8<sup>e<\/sup> degr\u00e9 de \u00ab\u00a0lol\u00a0\u00bb.<\/p>\n<p>Y a beaucoup de choses dr\u00f4les sur l\u2019album, mais y a aussi des choses d\u00e9primantes. J\u2019aime les mettre une \u00e0 c\u00f4t\u00e9 de l\u2019autre. Le collage que j\u2019avais d\u00e9j\u00e0 commenc\u00e9, avec des chats, vient bien compl\u00e9ter ce que j\u2019ai voulu faire avec l\u2019album. Le c\u00f4t\u00e9 Internet, c\u2019est une repr\u00e9sentation de comment je vois cette fa\u00e7on-l\u00e0, maintenant, de rencontrer des gens, ou m\u00eame de vivre. C\u2019est \u00e9tourdissant, pis c\u2019est pas toujours tr\u00e8s reluisant. \u00c7a saute d\u2019un \u00e9tat d\u2019esprit \u00e0 l\u2019autre. C\u2019est <em>cheap<\/em> ; y&rsquo;a beaucoup de cheap sur Internet.\u00a0 C\u2019est un condens\u00e9 de comment je me sens, pr\u00e9sentement, \u00e0 l\u2019\u00e8re o\u00f9 on vit.<\/p>\n<p><strong>MJ\u00a0: Et pourquoi avoir choisi \u00ab\u00a0Mannequin de magasin \u00bb comme premier single radio [ndlr : j&rsquo;\u00e9tais s\u00fbre d&rsquo;avoir lu \u00e7a!]\u00a0\u2013 surtout\u00a0: pourquoi elle se retrouve <em>trois fois<\/em> sur l\u2019album?<\/strong><\/p>\n<p><strong>NC\u00a0: <\/strong>Y a pas de single <em>radio<\/em> sur l\u2019album! \u00c7a peut vraiment, mais vraiment pas aller vers des radios commerciales; pis \u00e7a, je le savais d\u00e9j\u00e0. De l\u00e0, la chanson \u00ab\u00a0Radio commerciale\u00a0\u00bb sur l\u2019album. \u00ab\u00a0Mannequin de magasin\u00a0\u00bb, c\u2019est vraiment niaiseux\u00a0: je l\u2019ai \u00e9crit, on l\u2019a jou\u00e9 presque tout de suite. On l\u2019a mont\u00e9, on l\u2019a jou\u00e9 une fois en <em>show<\/em>, pis c\u2019\u00e9tait <em>\u00e7a<\/em> d\u00e9j\u00e0. Apr\u00e8s, j\u2019aurais pu faire des <em>shows<\/em> complets avec\u00a0juste \u00e7a. Des fois, on la faisait trois fois, en joke. \u00c0 un moment donn\u00e9, les gens r\u00e9alisaient qu\u2019on niaisait, mais on se la faisait quand m\u00eame demander en rappel.<\/p>\n<p>Martine de <a href=\"http:\/\/lameuteprod.com\/\" target=\"_blank\">La Meute<\/a>\u00a0avait vu \u00e7a en <em>show<\/em>. Elle m\u2019a demand\u00e9\u00a0: \u00ab\u00a0pourquoi tu la mettrais pas trois fois sur l\u2019album? \u00bb C\u2019est m\u00eame pas mon id\u00e9e! Je trouve \u00e7a merveilleux d\u2019avoir un label de m\u00eame. Au fond, cette <em>tune<\/em>-l\u00e0, elle a l\u2019air niaiseuse, mais y a une grande part de m\u00e9lancolie et de tristesse. Y&rsquo;a une profondeur.<\/p>\n<p><strong>MJ\u00a0: Je me risque avec la question radiophonique\u00a0: \u00ab\u00a0Alors Navet Confit, \u00e0 quoi est-ce qu\u2019on peut s\u2019attendre le 4 septembre prochain \u00e0 Rouyn-Noranda? \u00bb<\/strong><\/p>\n<p><strong>NC\u00a0:<\/strong>\u00a0 On va jouer <em>LOL<\/em> en bonne partie. On\u00a0va aussi piger dans l\u2019ancien r\u00e9pertoire, \u00e9videmment, mais en donnant une grande place au nouvel album.\u00a0Parce que c\u2019est \u00e7a que j\u2019ai le go\u00fbt de jouer. Avec cette formule power trio, \u00e7a tombe souvent dans des cordes un peu plus \u00ab\u00a0dans ta face\u00a0\u00bb. Plus grunge, plus rock.<\/p>\n<p>Y aura <em>peut-\u00eatre<\/em> une surprise, aussi. Mais je sais pas si je devrais le dire tout de suite. Je vais le dire juste \u00e0 toi\u00a0:<\/p>\n<p><em>[Off the record]<\/em><\/p>\n<p><strong>MJ\u00a0: Woah! Et pour finir, as-tu des conseils pour les gens qui vont aller au\u00a0FME?<\/strong><\/p>\n<p><strong>NC\u00a0:<\/strong> J\u2019ai le gout de citer <a href=\"https:\/\/alaclairensemble.bandcamp.com\/\" target=\"_blank\">Alaclair Ensemble<\/a>. J\u2019ai tu le droit de faire \u00e7a? \u00ab\u00a0Faites juste des p\u2019tites drogues, pas des grosses drogues. \u00bb<br \/>\n<em><br \/>\n<\/em><strong><em>Navet Confit sera en spectacle le 4 septembre \u00e0 23 h dans le cadre du FME \u00e0 l\u2019Espace lounge Hydro-Qu\u00e9bec, situ\u00e9 sur la 7<sup>e<\/sup> Rue \u00e0 Rouyn-Noranda. L\u2019album LOL sera en vente d\u00e8s le 18 septembre.<\/em><\/strong><\/p>\n","protected":false},"excerpt":{"rendered":"<p>Lors de\u00a0son spectacle le 4 septembre prochain, Navet Confit pr\u00e9sentera au FME son nouvel album, dont la sortie est annonc\u00e9e pour le 18. R\u00e9alis\u00e9 en \u00e9quipe avec ses acolytes Lydia Champagne (batterie), Carl-\u00c9ric Hudon (basse) et d\u2019autres invit\u00e9s, l\u2019album qui contient 18 nouvelles chansons \u2013 aux titres savoureux, caract\u00e9ristique du travail de Navet \u2013 promet &hellip; <a href=\"https:\/\/www.fmeat.org\/blog\/exclusivite-fme-single-entrevue-avec-navet-confit\/\" class=\"more-link\">Continuer la lecture de <span class=\"screen-reader-text\">Exclusivit\u00e9 FME : single + entrevue avec Navet Confit<\/span> <span class=\"meta-nav\">&rarr;<\/span><\/a><\/p>\n","protected":false},"author":26,"featured_media":2297,"comment_status":"open","ping_status":"closed","sticky":false,"template":"","format":"standard","meta":{"footnotes":""},"categories":[298,611,499],"tags":[508,521,71,272,509,510,506,507],"class_list":["post-2221","post","type-post","status-publish","format-standard","has-post-thumbnail","hentry","category-entrevue","category-fme15","category-melanie","tag-album","tag-entrevue","tag-fme","tag-fmeat","tag-lol","tag-mannequin-de-magasin","tag-navet-confit","tag-single"],"_links":{"self":[{"href":"https:\/\/www.fmeat.org\/blog\/wp-json\/wp\/v2\/posts\/2221","targetHints":{"allow":["GET"]}}],"collection":[{"href":"https:\/\/www.fmeat.org\/blog\/wp-json\/wp\/v2\/posts"}],"about":[{"href":"https:\/\/www.fmeat.org\/blog\/wp-json\/wp\/v2\/types\/post"}],"author":[{"embeddable":true,"href":"https:\/\/www.fmeat.org\/blog\/wp-json\/wp\/v2\/users\/26"}],"replies":[{"embeddable":true,"href":"https:\/\/www.fmeat.org\/blog\/wp-json\/wp\/v2\/comments?post=2221"}],"version-history":[{"count":25,"href":"https:\/\/www.fmeat.org\/blog\/wp-json\/wp\/v2\/posts\/2221\/revisions"}],"predecessor-version":[{"id":2317,"href":"https:\/\/www.fmeat.org\/blog\/wp-json\/wp\/v2\/posts\/2221\/revisions\/2317"}],"wp:featuredmedia":[{"embeddable":true,"href":"https:\/\/www.fmeat.org\/blog\/wp-json\/wp\/v2\/media\/2297"}],"wp:attachment":[{"href":"https:\/\/www.fmeat.org\/blog\/wp-json\/wp\/v2\/media?parent=2221"}],"wp:term":[{"taxonomy":"category","embeddable":true,"href":"https:\/\/www.fmeat.org\/blog\/wp-json\/wp\/v2\/categories?post=2221"},{"taxonomy":"post_tag","embeddable":true,"href":"https:\/\/www.fmeat.org\/blog\/wp-json\/wp\/v2\/tags?post=2221"}],"curies":[{"name":"wp","href":"https:\/\/api.w.org\/{rel}","templated":true}]}}