{"id":1981,"date":"2015-01-31T14:34:42","date_gmt":"2015-01-31T19:34:42","guid":{"rendered":"http:\/\/www.fmeat.org\/blog\/?p=1981"},"modified":"2017-08-14T15:17:41","modified_gmt":"2017-08-14T15:17:41","slug":"du-politique-et-de-la-culture","status":"publish","type":"post","link":"https:\/\/www.fmeat.org\/blog\/du-politique-et-de-la-culture\/","title":{"rendered":"Du politique et de la culture"},"content":{"rendered":"<p style=\"text-align: justify\">Je te sais, toi lecteur ou lectrice avide de me lire, passionn\u00e9-e comme je le suis par la politique! Eh bien cet article est pour toi!<\/p>\n<p style=\"text-align: justify\">Figure toi dont que l&rsquo;Abitibi-T\u00e9miscamingue est une r\u00e9gion particuli\u00e8rement cibl\u00e9e par les candidats et la candidate \u00e0 la course \u00e0 la chefferie du PQ. Et \u00e7a ne s&rsquo;explique pas seulement par le fait que l&rsquo;AT est la pluss meilleure r\u00e9gion, oh non! Il y a aussi le fait que la mobilisation contre l&rsquo;aust\u00e9rit\u00e9 du gouvernement lib\u00e9ral de Philippe Couillard va bon train. On parle <a href=\"http:\/\/ici.radio-canada.ca\/regions\/abitibi\/2015\/01\/29\/001-touche-pas-region-abitibi-temiscamingue-austerite-mouvement.shtml\">ici <\/a>et <a href=\"http:\/\/www.tvaabitibi.ca\/articles\/20150129115600\/grande_mobilisation_regionale_contre_les_mesures_dausterite.html?fb_action_ids=10155075351355401&amp;fb_action_types=og.likes&amp;fb_source=other_multiline&amp;action_object_map=%5B952204358124880%5D&amp;action_type_map=%5B%22og.likes%22%5D&amp;action_ref_map=%5B%5D\">ici<\/a> de la journ\u00e9e de mobilisation <a href=\"http:\/\/www.mobilisation-abitibi-temiscamingue.org\/\">Touche pas \u00e0 ma r\u00e9gion Abitibi-T\u00e9miscamingue<\/a> durant laquelle plusieurs actions se sont produites dans toute la r\u00e9gion.<\/p>\n<p style=\"text-align: justify\">Mais ce n&rsquo;est pas tout. Oh non!<\/p>\n<p style=\"text-align: justify\">Lors des derni\u00e8res \u00e9lections, Pauline Marois qui \u00e9tait alors cheffe du Parti Qu\u00e9b\u00e9cois, mais \u00e9galement premi\u00e8re ministre du Qu\u00e9bec, n&rsquo;a pas daign\u00e9 <a href=\"http:\/\/www.tvaabitibi.ca\/articles\/20150129115600\/grande_mobilisation_regionale_contre_les_mesures_dausterite.html?fb_action_ids=10155075351355401&amp;fb_action_types=og.likes&amp;fb_source=other_multiline&amp;action_object_map=%5B952204358124880%5D&amp;action_type_map=%5B%22og.likes%22%5D&amp;action_ref_map=%5B%5D\">traverser<\/a> le parc de La V\u00e9rendrye et certains le lui reproche encore aujourd&rsquo;hui. (Quant \u00e0 savoir si cela a entrain\u00e9 la d\u00e9confiture du PQ, c&rsquo;est une autre histoire&#8230;)<\/p>\n<p style=\"text-align: justify\">Donc tout cela fait en sorte que, si tu veux devenir chef-fe du PQ, t&rsquo;as int\u00e9r\u00eat \u00e0 venir nous voir (il parait).<\/p>\n<p style=\"text-align: justify\">En d\u00e9but de semaine, c&rsquo;est Martine Ouellet qui est venue nous saluer. Et hier, journ\u00e9e de mobilisation r\u00e9gionale, ainsi que d\u00e9but du tout premier Quartiers d&rsquo;hiver, Alexandre Cloutier s&rsquo;est montr\u00e9 la binette \u00e0 Rouyn-Noranda. Et la cerise sur le g\u00e2teau de la politique\u00a0: nul autre que PKP en personne \u00e0 l&rsquo;Agora des arts pour assister au spectacle de Groenland (il est arriv\u00e9 trop tard pour \u00c9milie <span style=\"font-family: Times New Roman,serif\">&amp;<\/span> Ogden ainsi que Caroline Keating. Je le sais, je l&rsquo;ai vu arriver! Je vous jure!).<\/p>\n<figure id=\"attachment_1982\" aria-describedby=\"caption-attachment-1982\" style=\"width: 300px\" class=\"wp-caption aligncenter\"><a href=\"http:\/\/www.fmeat.org\/blog\/wp-content\/uploads\/2015\/01\/PKP-and-me.jpg\"><img loading=\"lazy\" decoding=\"async\" class=\"wp-image-1982 size-medium\" src=\"http:\/\/www.fmeat.org\/blog\/wp-content\/uploads\/2015\/01\/PKP-and-me-300x225.jpg\" alt=\"PKP and me\" width=\"300\" height=\"225\" srcset=\"https:\/\/www.fmeat.org\/blog\/wp-content\/uploads\/2015\/01\/PKP-and-me-300x225.jpg 300w, https:\/\/www.fmeat.org\/blog\/wp-content\/uploads\/2015\/01\/PKP-and-me-1024x768.jpg 1024w, https:\/\/www.fmeat.org\/blog\/wp-content\/uploads\/2015\/01\/PKP-and-me.jpg 1280w\" sizes=\"auto, (max-width: 300px) 100vw, 300px\" \/><\/a><figcaption id=\"caption-attachment-1982\" class=\"wp-caption-text\">Mon amie Samuelle, Pierre Karl P\u00e9ladeau, et moi-m\u00eame<\/figcaption><\/figure>\n<p style=\"text-align: justify\">So, Martin Drainville, on t&rsquo;attend!<\/p>\n<p style=\"text-align: justify\">Pis Bernard aussi!<\/p>\n","protected":false},"excerpt":{"rendered":"<p>Je te sais, toi lecteur ou lectrice avide de me lire, passionn\u00e9-e comme je le suis par la politique! Eh bien cet article est pour toi! Figure toi dont que l&rsquo;Abitibi-T\u00e9miscamingue est une r\u00e9gion particuli\u00e8rement cibl\u00e9e par les candidats et la candidate \u00e0 la course \u00e0 la chefferie du PQ. Et \u00e7a ne s&rsquo;explique pas &hellip; <a href=\"https:\/\/www.fmeat.org\/blog\/du-politique-et-de-la-culture\/\" class=\"more-link\">Continuer la lecture de <span class=\"screen-reader-text\">Du politique et de la culture<\/span> <span class=\"meta-nav\">&rarr;<\/span><\/a><\/p>\n","protected":false},"author":20,"featured_media":0,"comment_status":"open","ping_status":"closed","sticky":false,"template":"","format":"standard","meta":{"footnotes":""},"categories":[376,621],"tags":[396,472,254,470,469,471],"class_list":["post-1981","post","type-post","status-publish","format-standard","hentry","category-justine","category-quartiers-dhiver-2015","tag-quartiersdhiver","tag-abitibi-temiscamingue","tag-agora-des-arts","tag-pkp","tag-politique","tag-pq"],"_links":{"self":[{"href":"https:\/\/www.fmeat.org\/blog\/wp-json\/wp\/v2\/posts\/1981","targetHints":{"allow":["GET"]}}],"collection":[{"href":"https:\/\/www.fmeat.org\/blog\/wp-json\/wp\/v2\/posts"}],"about":[{"href":"https:\/\/www.fmeat.org\/blog\/wp-json\/wp\/v2\/types\/post"}],"author":[{"embeddable":true,"href":"https:\/\/www.fmeat.org\/blog\/wp-json\/wp\/v2\/users\/20"}],"replies":[{"embeddable":true,"href":"https:\/\/www.fmeat.org\/blog\/wp-json\/wp\/v2\/comments?post=1981"}],"version-history":[{"count":4,"href":"https:\/\/www.fmeat.org\/blog\/wp-json\/wp\/v2\/posts\/1981\/revisions"}],"predecessor-version":[{"id":1998,"href":"https:\/\/www.fmeat.org\/blog\/wp-json\/wp\/v2\/posts\/1981\/revisions\/1998"}],"wp:attachment":[{"href":"https:\/\/www.fmeat.org\/blog\/wp-json\/wp\/v2\/media?parent=1981"}],"wp:term":[{"taxonomy":"category","embeddable":true,"href":"https:\/\/www.fmeat.org\/blog\/wp-json\/wp\/v2\/categories?post=1981"},{"taxonomy":"post_tag","embeddable":true,"href":"https:\/\/www.fmeat.org\/blog\/wp-json\/wp\/v2\/tags?post=1981"}],"curies":[{"name":"wp","href":"https:\/\/api.w.org\/{rel}","templated":true}]}}