{"id":172,"date":"2010-08-10T15:27:25","date_gmt":"2010-08-10T19:27:25","guid":{"rendered":"http:\/\/www.fmeat.org\/blog\/?p=172"},"modified":"2017-08-14T15:25:33","modified_gmt":"2017-08-14T15:25:33","slug":"lancement-de-la-radio-cfme-a-montreal-et-a-rouyn","status":"publish","type":"post","link":"https:\/\/www.fmeat.org\/blog\/lancement-de-la-radio-cfme-a-montreal-et-a-rouyn\/","title":{"rendered":"Lancement de la radio CFME \u00e0 Montr\u00e9al et \u00e0 Rouyn"},"content":{"rendered":"<p>D\u00e8s vendredi, la radio CFME sera officiellement en ligne!<\/p>\n<p>Que vous soyez \u00e0 Rouyn ou\u00a0 \u00e0 Montr\u00e9al, venez c\u00e9l\u00e9brer ce m\u00e9dium extraordinaire !<\/p>\n<p>Pour MONTR\u00c9AL<\/p>\n<p>Rendez-vous au Caf\u00e9-Bar de la Cin\u00e9math\u00e8que Qu\u00e9b\u00e9coise (335 boul. de Maisonneuve est \u00e0 Montr\u00e9al) d\u00e8s 20 h!<br \/>\nUne soir\u00e9e de projection de vid\u00e9os vous sera offerte gratuitement. Au<br \/>\nprogramme: \u00ab Socalled \u00ad le film \u00bb, documentaire r\u00e9alis\u00e9 par l\u00b9ONF sur le<br \/>\ntr\u00e8s \u00e9clat\u00e9 et tr\u00e8s appr\u00e9ci\u00e9 artiste montr\u00e9alais Socalled ainsi que 2 h de<br \/>\nvid\u00e9oclips d&rsquo;artistes \u00e9mergents.<\/p>\n<p>19 h Ouverture des portes<br \/>\n20 h Pr\u00e9sentation de \u00ab Socalled \u00ad le film \u00bb de Garry Beitel, visionnez la<br \/>\nbande-annonce ! www.nfb.ca\/socalled &lt;<a href=\"http:\/\/www.nfb.ca\/socalled\" target=\"_blank\">http:\/\/www.nfb.ca\/socalled<\/a>&gt;<br \/>\n22 h Pr\u00e9sentation de vid\u00e9oclips de formations \u00e9mergentes avec Misteur<br \/>\nValaire, Leif Vollebekk, Ariel, Fred Fortin et plusieurs autres !<\/p>\n<p>Pour ROUYN<\/p>\n<p>Rendez-vous au\u00a0 Cabaret de la Derni\u00e8re chance (146, 8e rue \u00e0 Rouyn-Noranda) d\u00e8s 17 h!<\/p>\n<p>Pour l&rsquo;occasion, nous vous invitons au \u00ab 5 \u00e0 7 \u00bb de lancement pour c\u00e9l\u00e9brer<br \/>\nla mise en ondes de cette radio \u00e9v\u00e8nementielle. La prestation d&rsquo;un invit\u00e9<br \/>\nsurprise viendra attiser votre soif de spectacle de musique \u00e9mergente, en<br \/>\nattendant le festival.<br \/>\nAu programme: \u00ab Socalled \u00ad le film \u00bb, documentaire<br \/>\nr\u00e9alis\u00e9 par l&rsquo;ONF sur le tr\u00e8s \u00e9clat\u00e9 et tr\u00e8s appr\u00e9ci\u00e9 artiste montr\u00e9alais<br \/>\nSocalled. De plus, une soir\u00e9e de projection de 2h de vid\u00e9os \u00e9mergents vous<br \/>\nsera offerte gratuitement.<\/p>\n<p>17 h \u00ab 5 \u00e0 7 \u00bb de lancement pour CFME avec la performance d\u00b9un invit\u00e9<br \/>\nsurprise<br \/>\n20 h Pr\u00e9sentation de \u00ab Socalled \u00ad le film \u00bb de Garry Beitel, visionnez la<br \/>\nbande-annonce ! www.nfb.ca\/socalled &lt;<a href=\"http:\/\/www.nfb.ca\/socalled\" target=\"_blank\">http:\/\/www.nfb.ca\/socalled<\/a>&gt;<br \/>\n22 h Pr\u00e9sentation de vid\u00e9oclips de formations \u00e9mergentes avec Misteur<br \/>\nValaire, Leif Vollebekk, Ariel, Fred Fortin et plusieurs autres !<\/p>\n<p>Syntonisez CFME au 91,9 FM \u00e0 Rouyn-Noranda ou via le Web &#8212;\u00a0 <a href=\"http:\/\/www.fmeat.org\/programmation\/radio-cfme\">ICI<\/a><br \/>\ndu 13 ao\u00fbt au 7 septembre 2010 dans le cadre de la<br \/>\n8\u00e8me \u00e9dition du Festival de musique \u00e9mergente en Abitibi-T\u00e9miscamingue.<\/p>\n<p>&#8230;&#8230;..<\/p>\n<p>Vous pouvez d\u00e9j\u00e0 d\u00e9couvrir les \u00e9missions et animateurs qui seront sur les ondes durant le festival! &#8212; <a href=\"http:\/\/www.fmeat.org\/programmation\/radio-cfme\">PAR L\u00c0!!<\/a><\/p>\n","protected":false},"excerpt":{"rendered":"<p>D\u00e8s vendredi, la radio CFME sera officiellement en ligne! Que vous soyez \u00e0 Rouyn ou\u00a0 \u00e0 Montr\u00e9al, venez c\u00e9l\u00e9brer ce m\u00e9dium extraordinaire ! Pour MONTR\u00c9AL Rendez-vous au Caf\u00e9-Bar de la Cin\u00e9math\u00e8que Qu\u00e9b\u00e9coise (335 boul. de Maisonneuve est \u00e0 Montr\u00e9al) d\u00e8s 20 h! Une soir\u00e9e de projection de vid\u00e9os vous sera offerte gratuitement. Au programme: \u00ab &hellip; <a href=\"https:\/\/www.fmeat.org\/blog\/lancement-de-la-radio-cfme-a-montreal-et-a-rouyn\/\" class=\"more-link\">Continuer la lecture de <span class=\"screen-reader-text\">Lancement de la radio CFME \u00e0 Montr\u00e9al et \u00e0 Rouyn<\/span> <span class=\"meta-nav\">&rarr;<\/span><\/a><\/p>\n","protected":false},"author":1,"featured_media":0,"comment_status":"open","ping_status":"open","sticky":false,"template":"","format":"standard","meta":{"footnotes":""},"categories":[624,60],"tags":[65,66],"class_list":["post-172","post","type-post","status-publish","format-standard","hentry","category-fme10","category-stephanie","tag-cfme","tag-radio"],"_links":{"self":[{"href":"https:\/\/www.fmeat.org\/blog\/wp-json\/wp\/v2\/posts\/172","targetHints":{"allow":["GET"]}}],"collection":[{"href":"https:\/\/www.fmeat.org\/blog\/wp-json\/wp\/v2\/posts"}],"about":[{"href":"https:\/\/www.fmeat.org\/blog\/wp-json\/wp\/v2\/types\/post"}],"author":[{"embeddable":true,"href":"https:\/\/www.fmeat.org\/blog\/wp-json\/wp\/v2\/users\/1"}],"replies":[{"embeddable":true,"href":"https:\/\/www.fmeat.org\/blog\/wp-json\/wp\/v2\/comments?post=172"}],"version-history":[{"count":6,"href":"https:\/\/www.fmeat.org\/blog\/wp-json\/wp\/v2\/posts\/172\/revisions"}],"predecessor-version":[{"id":238,"href":"https:\/\/www.fmeat.org\/blog\/wp-json\/wp\/v2\/posts\/172\/revisions\/238"}],"wp:attachment":[{"href":"https:\/\/www.fmeat.org\/blog\/wp-json\/wp\/v2\/media?parent=172"}],"wp:term":[{"taxonomy":"category","embeddable":true,"href":"https:\/\/www.fmeat.org\/blog\/wp-json\/wp\/v2\/categories?post=172"},{"taxonomy":"post_tag","embeddable":true,"href":"https:\/\/www.fmeat.org\/blog\/wp-json\/wp\/v2\/tags?post=172"}],"curies":[{"name":"wp","href":"https:\/\/api.w.org\/{rel}","templated":true}]}}