{"id":1510,"date":"2014-07-27T21:15:21","date_gmt":"2014-07-28T01:15:21","guid":{"rendered":"http:\/\/www.fmeat.org\/blog\/?p=1510"},"modified":"2017-08-14T15:18:51","modified_gmt":"2017-08-14T15:18:51","slug":"une-anti-entrevue-avec-philippe-b","status":"publish","type":"post","link":"https:\/\/www.fmeat.org\/blog\/une-anti-entrevue-avec-philippe-b\/","title":{"rendered":"Une anti-entrevue avec Philippe B."},"content":{"rendered":"<figure id=\"attachment_1511\" aria-describedby=\"caption-attachment-1511\" style=\"width: 487px\" class=\"wp-caption alignnone\"><a href=\"http:\/\/www.fmeat.org\/blog\/wp-content\/uploads\/2014\/07\/PhilippeB.jpg\"><img loading=\"lazy\" decoding=\"async\" class=\"wp-image-1511\" src=\"http:\/\/www.fmeat.org\/blog\/wp-content\/uploads\/2014\/07\/PhilippeB.jpg\" alt=\"PhilippeB\" width=\"487\" height=\"325\" \/><\/a><figcaption id=\"caption-attachment-1511\" class=\"wp-caption-text\">Philippe B. \/ Photo: Hugues B\u00e9langer<\/figcaption><\/figure>\n<p>Apr\u00e8s <a href=\"http:\/\/www.fmeat.org\/blog\/2014\/07\/16\/une-anti-entrevue-avec-antoine-corriveau\/\"><span style=\"color: #ff00ff;\">Antoine Corriveau<\/span><\/a>, voil\u00e0 que c\u2019est au tour de Philippe B. de r\u00e9pondre \u00e0 ce qu\u2019il convient d\u2019appeler une anti-entrevue, \u00e0 d\u00e9faut d\u2019avoir une meilleure expression!<\/p>\n<p><strong><em>Que signifie pour vrai l\u2019acronyme FME? Peux-tu le twister pour lui donner un nouveau sens?<\/em><\/strong><\/p>\n<p>Hum\u2026 Pour ceux qui a fallu convaincre de venir au festival, je pr\u00e9sume que \u00e7a peut vouloir dire le Festival de musique \u00e9nervante. Dans le sens o\u00f9, parfois, les gens peuvent avoir des id\u00e9es pr\u00e9con\u00e7ues sur les types de musiques qu\u2019ils aiment. Donc, ce serait davantage l\u2019acronyme du pr\u00e9jug\u00e9!<\/p>\n<p><!--more--><\/p>\n<p><strong><em>Si le FME \u00e9tait un drink ou cocktail, ce serait\u2026?<\/em><\/strong><\/p>\n<p>Ah! Ce serait de la bi\u00e8re. \u00c0 profusion! J\u2019ai des souvenirs des premi\u00e8res \u00e9ditions des festivals o\u00f9 j\u2019ai peut-\u00eatre abus\u00e9 de la bi\u00e8re gratis!<\/p>\n<p><strong><em>En montant \u00e0 Rouyn dans ton camion lou\u00e9, quelle toune t\u2019n\u2019\u00e9couteras pas?<\/em><\/strong><\/p>\n<p>Je n\u2019\u00e9couterai pas <em>I\u2019m only sleeping, <\/em>des Beatles!<\/p>\n<p><strong><em>Et \u00e0 ton show, quelle toune que tu ne joueras pas?<\/em><\/strong><\/p>\n<p>Je ne veux pas faire de la peine \u00e0 personne, mais je ne jouerai pas<span style=\"color: #ff00ff;\"> <a href=\"http:\/\/gwenwed.bandcamp.com\/track\/stuck\"><span style=\"color: #ff00ff;\"><em>Stuck<\/em><\/span><\/a><\/span>, de Gwenwed.<\/p>\n<p><strong><em>Pourquoi?<\/em><\/strong><\/p>\n<p>Parce que j\u2019ai heureusement l\u2019embarras du choix maintenant que j\u2019ai quatre albums de jouer juste des chansons de mon r\u00e9pertoire! <em>Stuck<\/em>, je l\u2019ai faite au Cabaret pour un hommage \u00e0 Gwenwed en version acoustique avec Ben [Lavergne, bassiste].<\/p>\n<p><strong><em>Toujours pendant ton show, dis-moi donc quelle danse tu ne feras PAS?<\/em><\/strong><\/p>\n<p>Bien que je suis un gars assez ouvert en mati\u00e8re de danse, je ne pense pas faire le Gangnam Style! Je ne l\u2019ai pas appris, puis de toute fa\u00e7on, il est trop tard. [Le Gangnam Style] c\u2019est pass\u00e9!<\/p>\n<p><strong><em>Quel show tu n\u2019irais pas voir?<\/em><\/strong><\/p>\n<p>Je risque de manquer les shows d\u2019apr\u00e8s-midi, parce que je reste chez ma m\u00e8re, o\u00f9 je me l\u00e8ve parfois \u00e0 15h! Cela dit, je trouve que les shows d\u2019apr\u00e8s-midi, c\u2019est une super belle initiative. \u00c7a m\u2019arrive m\u00eame de manquer les 5 \u00e0 7, parce que je suis encore chez ma m\u00e8re. (rires)<\/p>\n<p><strong><em>Pendant ton s\u00e9jour en Abitibi, qu\u2019est-ce que tu ne mangeras pas?<\/em><\/strong><\/p>\n<p>Je ne sais pas trop ce que je ne mangerai pas. Chose certaine cependant, je vais manger la bouffe \u00e0 ma m\u00e8re, genre de la croustade aux pommes.<\/p>\n<p><strong><em>Poursuivons dans le m\u00eame esprit si tu le veux bien. Qu\u2019est-ce que tu ne boiras pas pendant le FME?<\/em><\/strong><\/p>\n<p>Ouin, disons que je ne boirai pas de la Tremblay, mais plut\u00f4t de la Bor\u00e9ale!<\/p>\n<p><strong><em>Selon ton exp\u00e9rience de Rouynorandien quel est le meilleur endroit pour frencher pendant le FME?<\/em><\/strong><\/p>\n<p>En effet, c\u2019est important. J\u2019ai quelques id\u00e9es \u00e0 ce sujet. C\u2019est mieux d\u2019aller dans la zone s\u00e9parant la Maison en sol mineur de la presqu\u2019\u00eele. Je ne sais pas si c\u2019est encore comme \u00e7a aujourd\u2019hui, mais il y a une esp\u00e8ce de sous-bois propice \u00e0 \u00e7a. Sauf que d\u2019un autre c\u00f4t\u00e9, pendant le festival, la Maison en sol mineur devient le quartier g\u00e9n\u00e9ral du FME, alors point de vue intimit\u00e9\u2026 (rires) Reste qu\u2019en dehors du FME, c\u2019est LA meilleure place pour frencher!<\/p>\n<p><iframe loading=\"lazy\" style=\"border: 0;\" src=\"https:\/\/www.google.com\/maps\/embed?pb=!1m10!1m8!1m3!1d1328.4840783365116!2d-79.00915467759121!3d48.245740421967604!3m2!1i1024!2i768!4f13.1!5e0!3m2!1sen!2s!4v1406509866389\" width=\"500\" height=\"450\" frameborder=\"0\"><\/iframe><\/p>\n<p><strong><em>En terminant, peux-tu formuler un conseil g\u00e9n\u00e9ral \u00e0 l\u2019intention d\u2019un n\u00e9ophyte du festival?<\/em><\/strong><\/p>\n<p>Oui, bien s\u00fbr. Je dirais\u00a0: <em>pace yourself. <\/em>Le FME dure quatre jours, alors assure-toi de ne pas te br\u00fbler la premi\u00e8re journ\u00e9e, genre le jeudi soir. Apr\u00e8s tout, il y a des bons shows \u00e0 voir le dimanche. Il y a moyen d\u2019avoir du gros fun les quatre soirs!<\/p>\n<p><strong><em>Sur ces belles paroles pleines de sagesse, merci!<\/em><\/strong><\/p>\n<p>Merci \u00e0 toi.<\/p>\n<p><strong>Philippe B. joue le 28 ao\u00fbt \u00e0 20h \u00e0 l\u2019Agora des arts.<\/strong><\/p>\n","protected":false},"excerpt":{"rendered":"<p>Apr\u00e8s Antoine Corriveau, voil\u00e0 que c\u2019est au tour de Philippe B. de r\u00e9pondre \u00e0 ce qu\u2019il convient d\u2019appeler une anti-entrevue, \u00e0 d\u00e9faut d\u2019avoir une meilleure expression! Que signifie pour vrai l\u2019acronyme FME? Peux-tu le twister pour lui donner un nouveau sens? Hum\u2026 Pour ceux qui a fallu convaincre de venir au festival, je pr\u00e9sume que &hellip; <a href=\"https:\/\/www.fmeat.org\/blog\/une-anti-entrevue-avec-philippe-b\/\" class=\"more-link\">Continuer la lecture de <span class=\"screen-reader-text\">Une anti-entrevue avec Philippe B.<\/span> <span class=\"meta-nav\">&rarr;<\/span><\/a><\/p>\n","protected":false},"author":4,"featured_media":0,"comment_status":"open","ping_status":"open","sticky":false,"template":"","format":"standard","meta":{"footnotes":""},"categories":[612,12],"tags":[283],"class_list":["post-1510","post","type-post","status-publish","format-standard","hentry","category-fme14","category-par-hugues","tag-philippe-b"],"_links":{"self":[{"href":"https:\/\/www.fmeat.org\/blog\/wp-json\/wp\/v2\/posts\/1510","targetHints":{"allow":["GET"]}}],"collection":[{"href":"https:\/\/www.fmeat.org\/blog\/wp-json\/wp\/v2\/posts"}],"about":[{"href":"https:\/\/www.fmeat.org\/blog\/wp-json\/wp\/v2\/types\/post"}],"author":[{"embeddable":true,"href":"https:\/\/www.fmeat.org\/blog\/wp-json\/wp\/v2\/users\/4"}],"replies":[{"embeddable":true,"href":"https:\/\/www.fmeat.org\/blog\/wp-json\/wp\/v2\/comments?post=1510"}],"version-history":[{"count":7,"href":"https:\/\/www.fmeat.org\/blog\/wp-json\/wp\/v2\/posts\/1510\/revisions"}],"predecessor-version":[{"id":1518,"href":"https:\/\/www.fmeat.org\/blog\/wp-json\/wp\/v2\/posts\/1510\/revisions\/1518"}],"wp:attachment":[{"href":"https:\/\/www.fmeat.org\/blog\/wp-json\/wp\/v2\/media?parent=1510"}],"wp:term":[{"taxonomy":"category","embeddable":true,"href":"https:\/\/www.fmeat.org\/blog\/wp-json\/wp\/v2\/categories?post=1510"},{"taxonomy":"post_tag","embeddable":true,"href":"https:\/\/www.fmeat.org\/blog\/wp-json\/wp\/v2\/tags?post=1510"}],"curies":[{"name":"wp","href":"https:\/\/api.w.org\/{rel}","templated":true}]}}